{"id":7863,"date":"2023-06-23T10:51:53","date_gmt":"2023-06-23T10:51:53","guid":{"rendered":"https:\/\/kraios.app\/news\/gundem\/2023\/06\/23\/abden-rusyaya-yeni-yaptirimlar\/"},"modified":"2023-06-23T10:51:53","modified_gmt":"2023-06-23T10:51:53","slug":"abden-rusyaya-yeni-yaptirimlar","status":"publish","type":"post","link":"https:\/\/kraios.app\/news\/gundem\/2023\/06\/23\/abden-rusyaya-yeni-yaptirimlar\/","title":{"rendered":"AB&#8217;den Rusya&#8217;ya yeni yapt\u0131r\u0131mlar"},"content":{"rendered":"<p><\/p>\n<div>\n<p>AB Konseyi, \u00fcye \u00fclkelerin sava\u015f nedeniyle Rusya&#8217;ya kar\u015f\u0131 haz\u0131rlanan 11&#8217;inci yapt\u0131r\u0131m paketini resmen onaylad\u0131klar\u0131n\u0131 duyurdu.<\/p>\n<p>Mevcut AB yapt\u0131r\u0131mlar\u0131n\u0131 g\u00fc\u00e7lendirmek ve yapt\u0131r\u0131mlar\u0131n atlat\u0131lmas\u0131n\u0131 engellemek amac\u0131yla haz\u0131rlanan pakete g\u00f6re, k\u0131s\u0131tlay\u0131c\u0131 tedbirlerdeki baz\u0131 yasal bo\u015fluklar giderilecek.<\/p>\n<p>Yapt\u0131r\u0131mlar\u0131n \u00e7evresinden dola\u015f\u0131lmas\u0131n\u0131 \u00f6nlemek i\u00e7in 3&#8217;\u00fcnc\u00fc \u00fclkelerle i\u015f birli\u011fi art\u0131r\u0131lacak.<\/p>\n<p>\u0130\u015f birli\u011fi giri\u015fimlerinden sonu\u00e7 al\u0131namamas\u0131 durumunda AB, Rusya&#8217;ya katk\u0131 verenleri \u00f6nlemek i\u00e7in 3&#8217;\u00fcnc\u00fc \u00fclke kurumlar\u0131na y\u00f6nelik h\u0131zl\u0131 ve hedefe y\u00f6nelik tedbir alacak.<\/p>\n<p>G\u00f6r\u00fc\u015fmelere ve bireysel yapt\u0131r\u0131mlara ra\u011fmen AB tedbirlerinin atlat\u0131lmas\u0131na devam edilmesi durumunda istisnai \u00f6nlemler uygulanacak.<\/p>\n<p>Bu \u00e7er\u00e7evede, AB Konseyi, Rusya&#8217;ya g\u00f6nderilmesi yasak olan \u00fcr\u00fcn ve teknoloji sat\u0131\u015f, tedarik, transfer veya ihracat\u0131n\u0131 3&#8217;\u00fcnc\u00fc \u00fclkelere y\u00f6nelik olarak k\u0131s\u0131tlayabilecek. Bu kapsama \u00f6zellikle sava\u015f alan\u0131nda kullan\u0131lan \u00fcr\u00fcn ve teknolojileri AB yapt\u0131r\u0131mlar\u0131n\u0131n \u00e7evresinden dola\u015farak Rusya&#8217;ya sa\u011flayan 3&#8217;\u00fcnc\u00fc \u00fclkeler girecek.<\/p>\n<p>Rusya&#8217;n\u0131n askeri ve teknolojik geli\u015fmesine, savunma veya g\u00fcvenlik sekt\u00f6r\u00fcne katk\u0131da bulunabilecek daha fazla \u00fcr\u00fcn ve teknolojinin \u00fclkeye transit ge\u00e7i\u015fi yasaklanacak. Havac\u0131l\u0131k ve uzay end\u00fcstrisi \u00fcr\u00fcn ve teknolojileri ile AB&#8217;den 3&#8217;\u00fcnc\u00fc \u00fclkelere ihra\u00e7 edilen jet yak\u0131t\u0131 ve yak\u0131t katk\u0131 maddeleri de bu kapsama dahil olacak.<\/p>\n<p>Rusya&#8217;ya y\u00f6nelik ithalat ve ihracat kontrol ve k\u0131s\u0131tlamalar\u0131 da geni\u015fletilecek.<\/p>\n<p>Rusya&#8217;n\u0131n askeri ve end\u00fcstriyel kompleksini do\u011frudan destekleyen 87 kurulu\u015f AB yapt\u0131r\u0131m listesine dahil edilecek. Bu kurulu\u015flar \u00f6zellikle hem sivil hem de askeri kullan\u0131m\u0131 olan \u00fcr\u00fcn ve teknolojilerde daha s\u0131k\u0131 ihracat k\u0131s\u0131tlamalar\u0131na tabi tutulacak.<\/p>\n<p>Listede, Rusya&#8217;ya ticaret k\u0131s\u0131tlamalar\u0131n\u0131n a\u015f\u0131lmas\u0131nda rol oynayan \u00c7in, \u00d6zbekistan, Birle\u015fik Arap Emirlikleri, Suriye ve Ermenistan&#8217;da kay\u0131tl\u0131 kurulu\u015flar ile Rusya&#8217;ya insans\u0131z hava ara\u00e7lar\u0131 sa\u011flayan 4 \u0130ran kurulu\u015fu yer alacak.<\/p>\n<p>Rusya&#8217;n\u0131n savunma ve g\u00fcvenlik sekt\u00f6r\u00fcn\u00fcn teknolojik geli\u015fimine katk\u0131da bulunabilecek yasakl\u0131 \u00fcr\u00fcnler listesi de geni\u015fletilecek. Elektronik bile\u015fenler, yar\u0131 iletkenle, elektronik devre ve kart imalat ekipmanlar\u0131, \u00e7e\u015fitli kimyasallar, optik bile\u015fenleri metaller ve seyir aletleri ile denizcilik te\u00e7hizatlar\u0131 da yasak listesine girecek.<\/p>\n<p>Rusya&#8217;da kay\u0131tl\u0131 ara\u00e7 ve r\u00f6morklarla kara yolundan AB&#8217;ye mal ta\u015f\u0131ma yasa\u011f\u0131 kapsam\u0131 geni\u015fletilecek.<\/p>\n<p>&#8211; Gemiler aras\u0131 petrol transferi<\/p>\n<p>Ham petrol ve petrol \u00fcr\u00fcnleri ta\u015f\u0131yan gemilerin yan\u0131lt\u0131c\u0131 uygulamalar\u0131ndaki art\u0131\u015fa kar\u015f\u0131 da tedbir al\u0131nacak. Bu \u00e7er\u00e7evede, gemiden gemiye petrol transferi yapanlar\u0131n AB limanlar\u0131na eri\u015fimi yasaklanacak.<\/p>\n<p>Bu kapsama girilmesi i\u00e7in yetkili makamlar\u0131n s\u00f6z konusu geminin deniz yoluyla Rus petrol veya petrol \u00fcr\u00fcnlerini AB&#8217;ye ithal etme yasa\u011f\u0131n\u0131 ihlal etti\u011finden veya tavan fiyat\u0131n \u00fczerinde sat\u0131n al\u0131nan \u00fcr\u00fcnleri ta\u015f\u0131d\u0131\u011f\u0131ndan makul \u015f\u00fcphe duymas\u0131 yeterli olacak.<\/p>\n<p>Yasak kapsam\u0131na, kurallar\u0131 ihlal ederek Rus ham petrol\u00fcn\u00fc ve petrol \u00fcr\u00fcnlerini ta\u015f\u0131rken navigasyon sistemlerini kapatan veya devre d\u0131\u015f\u0131 b\u0131rakan gemiler de girecek.<\/p>\n<p>\u00d6nceki yapt\u0131r\u0131mlar \u00e7er\u00e7evesinde Rusya&#8217;dan boru hatt\u0131yla ham petrol tedariki i\u00e7in Almanya ve Polonya&#8217;ya tan\u0131nan ge\u00e7ici istisna sona erecek. Bu \u00fclkeler de art\u0131k boru hatt\u0131ndan Rus petrol\u00fc almayacak.<\/p>\n<p>&#8211; Mal varl\u0131klar\u0131 donduruluyor<\/p>\n<p>Paket kapsam\u0131nda, askeri yetkililer, sava\u015fla ilgili karar vericiler, Ukraynal\u0131 \u00e7ocuklar\u0131n Rusya&#8217;ya g\u00f6nderilmesine kar\u0131\u015fan ki\u015filer, Ukrayna vatanda\u015flar\u0131na kar\u015f\u0131 karar alan yarg\u0131\u00e7lar, i\u015f insanlar\u0131 ile Rus istihbarat\u0131na kritik teknoloji ve yaz\u0131l\u0131m sa\u011flayan \u015firketler, i\u015fgal alt\u0131ndaki topraklarda faaliyet g\u00f6steren bankalar ve Rus silahl\u0131 kuvvetleriyle \u00e7al\u0131\u015fan kurulu\u015flar\u0131 i\u00e7eren 100&#8217;den fazla ki\u015fi ve kurulu\u015fun mal varl\u0131\u011f\u0131 dondurulacak.<\/p>\n<p>S\u00f6z konusu 11&#8217;inci yapt\u0131r\u0131m paketi bu a\u015famadan sonra AB Resmi Gazetesi&#8217;nde yay\u0131mlanmas\u0131n\u0131n ard\u0131ndan y\u00fcr\u00fcrl\u00fc\u011fe girecek.<\/p>\n<p>AB, \u015fimdiye kadar, Rusya&#8217;ya y\u00f6nelik 10 yapt\u0131r\u0131m paketini hayata ge\u00e7irdi.<\/p>\n<p>Bu \u00e7er\u00e7evede, Rusya&#8217;ya y\u00f6nelik ticaret, finans, petrol ve k\u00f6m\u00fcr de dahil enerji, sanayi, teknoloji, ula\u015f\u0131m, \u00e7ift kullan\u0131ml\u0131 ve l\u00fcks \u00fcr\u00fcnler ile alt\u0131n\u0131 da i\u00e7eren geni\u015f yelpazeye yay\u0131lm\u0131\u015f k\u0131s\u0131tlamalar uyguland\u0131. Binin \u00fczerinde ki\u015fi ve 200&#8217;den fazla kurumun mal varl\u0131klar\u0131 donduruldu.<\/p>\n<p>                            <span class=\"detay-foto-editor\">&#13;<br \/>\n                                <a href=\"https:\/\/www.aa.com.tr\/tr\/p\/abonelik-talep-formu\/1001\" target=\"_blank\" style=\"font-size:12px; color:#444; text-decoration:none;\" rel=\"noopener\">&#13;<br \/>\n                                    Anadolu Ajans\u0131 web sitesinde, AA Haber Ak\u0131\u015f Sistemi (HAS) \u00fczerinden abonelere sunulan haberler, \u00f6zetlenerek yay\u0131mlanmaktad\u0131r. <b style=\"color:#1897F7\">Abonelik i\u00e7in l\u00fctfen ileti\u015fime ge\u00e7iniz.<\/b>&#13;<br \/>\n                                <\/a>&#13;<br \/>\n                            <\/span>\n                        <\/div>\n<p><script>\n\t  window.fbAsyncInit = function() {\n\t\tFB.init({\n\t\t  appId: '1855843514662870',\n\t\t  status : true, \/\/ check login status\n\t\t  cookie : true, \/\/ enable cookies to allow the server to access the session\n\t\t  xfbml  : true  \/\/ parse XFBML\n\t\t});\n\t  };<\/p>\n<p>\t  (function() {\n\t\tvar e = document.createElement('script');\n\t\te.src=\"https:\/\/connect.facebook.net\/tr_TR\/all.js\";\n\t\te.async = true;\n\t\tdocument.getElementById('fb-root').appendChild(e);\n\t  }());\n    <\/script><\/p>\n","protected":false},"excerpt":{"rendered":"<p>AB Konseyi, \u00fcye \u00fclkelerin sava\u015f nedeniyle Rusya&#8217;ya kar\u015f\u0131 haz\u0131rlanan 11&#8217;inci yapt\u0131r\u0131m paketini resmen onaylad\u0131klar\u0131n\u0131 duyurdu. Mevcut AB yapt\u0131r\u0131mlar\u0131n\u0131 g\u00fc\u00e7lendirmek ve yapt\u0131r\u0131mlar\u0131n atlat\u0131lmas\u0131n\u0131 engellemek amac\u0131yla haz\u0131rlanan pakete g\u00f6re, k\u0131s\u0131tlay\u0131c\u0131 tedbirlerdeki baz\u0131 yasal bo\u015fluklar giderilecek. Yapt\u0131r\u0131mlar\u0131n \u00e7evresinden dola\u015f\u0131lmas\u0131n\u0131 \u00f6nlemek i\u00e7in 3&#8217;\u00fcnc\u00fc \u00fclkelerle i\u015f birli\u011fi art\u0131r\u0131lacak. \u0130\u015f birli\u011fi giri\u015fimlerinden sonu\u00e7 al\u0131namamas\u0131 durumunda AB, Rusya&#8217;ya katk\u0131 verenleri \u00f6nlemek i\u00e7in [&hellip;]<\/p>\n","protected":false},"author":1,"featured_media":7864,"comment_status":"","ping_status":"","sticky":false,"template":"","format":"standard","meta":[],"categories":[1],"tags":[],"_links":{"self":[{"href":"https:\/\/kraios.app\/news\/wp-json\/wp\/v2\/posts\/7863"}],"collection":[{"href":"https:\/\/kraios.app\/news\/wp-json\/wp\/v2\/posts"}],"about":[{"href":"https:\/\/kraios.app\/news\/wp-json\/wp\/v2\/types\/post"}],"author":[{"embeddable":true,"href":"https:\/\/kraios.app\/news\/wp-json\/wp\/v2\/users\/1"}],"replies":[{"embeddable":true,"href":"https:\/\/kraios.app\/news\/wp-json\/wp\/v2\/comments?post=7863"}],"version-history":[{"count":0,"href":"https:\/\/kraios.app\/news\/wp-json\/wp\/v2\/posts\/7863\/revisions"}],"wp:featuredmedia":[{"embeddable":true,"href":"https:\/\/kraios.app\/news\/wp-json\/wp\/v2\/media\/7864"}],"wp:attachment":[{"href":"https:\/\/kraios.app\/news\/wp-json\/wp\/v2\/media?parent=7863"}],"wp:term":[{"taxonomy":"category","embeddable":true,"href":"https:\/\/kraios.app\/news\/wp-json\/wp\/v2\/categories?post=7863"},{"taxonomy":"post_tag","embeddable":true,"href":"https:\/\/kraios.app\/news\/wp-json\/wp\/v2\/tags?post=7863"}],"curies":[{"name":"wp","href":"https:\/\/api.w.org\/{rel}","templated":true}]}}