{"id":7862,"date":"2023-06-23T10:49:53","date_gmt":"2023-06-23T10:49:53","guid":{"rendered":"https:\/\/kraios.app\/news\/ekonomi\/2023\/06\/23\/bakan-simsek-ekonomi-politikalarimiz-kisa-vadede-fiyat-istikrarini-ve-finansal-istikrari-hedeflemektedir-2\/"},"modified":"2023-06-23T10:49:53","modified_gmt":"2023-06-23T10:49:53","slug":"bakan-simsek-ekonomi-politikalarimiz-kisa-vadede-fiyat-istikrarini-ve-finansal-istikrari-hedeflemektedir-2","status":"publish","type":"post","link":"https:\/\/kraios.app\/news\/ekonomi\/2023\/06\/23\/bakan-simsek-ekonomi-politikalarimiz-kisa-vadede-fiyat-istikrarini-ve-finansal-istikrari-hedeflemektedir-2\/","title":{"rendered":"Bakan \u015eim\u015fek: Ekonomi politikalar\u0131m\u0131z k\u0131sa vadede fiyat istikrar\u0131n\u0131 ve finansal istikrar\u0131 hedeflemektedir"},"content":{"rendered":"<p> <br \/>\n<br \/>Hazine ve Maliye Bakan\u0131 Mehmet \u015eim\u015fek, ekonomi politikalar\u0131n\u0131n, k\u0131sa vadede fiyat istikrar\u0131n\u0131 ve finansal istikrar\u0131 hedefledi\u011fini belirterek, &#8220;Bu hedeflere ula\u015fmada kararl\u0131y\u0131z.&#8221; dedi.<br \/>\n<br \/><br \/>\n<br \/><a href=\"https:\/\/www.aa.com.tr\/tr\/ekonomi\/bakan-simsek-ekonomi-politikalarimiz-kisa-vadede-fiyat-istikrarini-ve-finansal-istikrari-hedeflemektedir\/2929472\">Source link <\/a><\/p>\n","protected":false},"excerpt":{"rendered":"<p>Hazine ve Maliye Bakan\u0131 Mehmet \u015eim\u015fek, ekonomi politikalar\u0131n\u0131n, k\u0131sa vadede fiyat istikrar\u0131n\u0131 ve finansal istikrar\u0131 hedefledi\u011fini belirterek, &#8220;Bu hedeflere ula\u015fmada kararl\u0131y\u0131z.&#8221; dedi. Source link<\/p>\n","protected":false},"author":1,"featured_media":7855,"comment_status":"","ping_status":"","sticky":false,"template":"","format":"standard","meta":[],"categories":[44],"tags":[],"_links":{"self":[{"href":"https:\/\/kraios.app\/news\/wp-json\/wp\/v2\/posts\/7862"}],"collection":[{"href":"https:\/\/kraios.app\/news\/wp-json\/wp\/v2\/posts"}],"about":[{"href":"https:\/\/kraios.app\/news\/wp-json\/wp\/v2\/types\/post"}],"author":[{"embeddable":true,"href":"https:\/\/kraios.app\/news\/wp-json\/wp\/v2\/users\/1"}],"replies":[{"embeddable":true,"href":"https:\/\/kraios.app\/news\/wp-json\/wp\/v2\/comments?post=7862"}],"version-history":[{"count":0,"href":"https:\/\/kraios.app\/news\/wp-json\/wp\/v2\/posts\/7862\/revisions"}],"wp:featuredmedia":[{"embeddable":true,"href":"https:\/\/kraios.app\/news\/wp-json\/wp\/v2\/media\/7855"}],"wp:attachment":[{"href":"https:\/\/kraios.app\/news\/wp-json\/wp\/v2\/media?parent=7862"}],"wp:term":[{"taxonomy":"category","embeddable":true,"href":"https:\/\/kraios.app\/news\/wp-json\/wp\/v2\/categories?post=7862"},{"taxonomy":"post_tag","embeddable":true,"href":"https:\/\/kraios.app\/news\/wp-json\/wp\/v2\/tags?post=7862"}],"curies":[{"name":"wp","href":"https:\/\/api.w.org\/{rel}","templated":true}]}}