{"id":7854,"date":"2023-06-23T10:45:53","date_gmt":"2023-06-23T10:45:53","guid":{"rendered":"https:\/\/kraios.app\/news\/gundem\/2023\/06\/23\/bakan-simsek-ekonomi-politikalarimiz-kisa-vadede-fiyat-istikrarini-ve-finansal-istikrari-hedeflemektedir\/"},"modified":"2023-06-23T10:45:53","modified_gmt":"2023-06-23T10:45:53","slug":"bakan-simsek-ekonomi-politikalarimiz-kisa-vadede-fiyat-istikrarini-ve-finansal-istikrari-hedeflemektedir","status":"publish","type":"post","link":"https:\/\/kraios.app\/news\/gundem\/2023\/06\/23\/bakan-simsek-ekonomi-politikalarimiz-kisa-vadede-fiyat-istikrarini-ve-finansal-istikrari-hedeflemektedir\/","title":{"rendered":"Bakan \u015eim\u015fek: Ekonomi politikalar\u0131m\u0131z k\u0131sa vadede fiyat istikrar\u0131n\u0131 ve finansal istikrar\u0131 hedeflemektedir"},"content":{"rendered":"<p>Hazine ve Maliye Bakan\u0131 Mehmet \u015eim\u015fek, ekonomi politikalar\u0131n\u0131n, k\u0131sa vadede fiyat istikrar\u0131n\u0131 ve finansal istikrar\u0131 hedefledi\u011fini belirterek, &#8220;Bu hedeflere ula\u015fmada kararl\u0131y\u0131z.&#8221; dedi.<\/p>\n","protected":false},"excerpt":{"rendered":"<p>Hazine ve Maliye Bakan\u0131 Mehmet \u015eim\u015fek, ekonomi politikalar\u0131n\u0131n, k\u0131sa vadede fiyat istikrar\u0131n\u0131 ve finansal istikrar\u0131 hedefledi\u011fini belirterek, &#8220;Bu hedeflere ula\u015fmada kararl\u0131y\u0131z.&#8221; dedi.<\/p>\n","protected":false},"author":1,"featured_media":7855,"comment_status":"","ping_status":"","sticky":false,"template":"","format":"standard","meta":[],"categories":[1],"tags":[],"_links":{"self":[{"href":"https:\/\/kraios.app\/news\/wp-json\/wp\/v2\/posts\/7854"}],"collection":[{"href":"https:\/\/kraios.app\/news\/wp-json\/wp\/v2\/posts"}],"about":[{"href":"https:\/\/kraios.app\/news\/wp-json\/wp\/v2\/types\/post"}],"author":[{"embeddable":true,"href":"https:\/\/kraios.app\/news\/wp-json\/wp\/v2\/users\/1"}],"replies":[{"embeddable":true,"href":"https:\/\/kraios.app\/news\/wp-json\/wp\/v2\/comments?post=7854"}],"version-history":[{"count":0,"href":"https:\/\/kraios.app\/news\/wp-json\/wp\/v2\/posts\/7854\/revisions"}],"wp:featuredmedia":[{"embeddable":true,"href":"https:\/\/kraios.app\/news\/wp-json\/wp\/v2\/media\/7855"}],"wp:attachment":[{"href":"https:\/\/kraios.app\/news\/wp-json\/wp\/v2\/media?parent=7854"}],"wp:term":[{"taxonomy":"category","embeddable":true,"href":"https:\/\/kraios.app\/news\/wp-json\/wp\/v2\/categories?post=7854"},{"taxonomy":"post_tag","embeddable":true,"href":"https:\/\/kraios.app\/news\/wp-json\/wp\/v2\/tags?post=7854"}],"curies":[{"name":"wp","href":"https:\/\/api.w.org\/{rel}","templated":true}]}}