{"id":7764,"date":"2023-06-22T03:20:05","date_gmt":"2023-06-22T03:20:05","guid":{"rendered":"https:\/\/kraios.app\/news\/gundem\/2023\/06\/22\/bakan-yardimciliklarina-atama-kararlari-resmi-gazetede-yayimlandi\/"},"modified":"2023-06-22T03:20:05","modified_gmt":"2023-06-22T03:20:05","slug":"bakan-yardimciliklarina-atama-kararlari-resmi-gazetede-yayimlandi","status":"publish","type":"post","link":"https:\/\/kraios.app\/news\/gundem\/2023\/06\/22\/bakan-yardimciliklarina-atama-kararlari-resmi-gazetede-yayimlandi\/","title":{"rendered":"Bakan yard\u0131mc\u0131l\u0131klar\u0131na atama kararlar\u0131 Resmi Gazete&#8217;de yay\u0131mland\u0131"},"content":{"rendered":"<p><\/p>\n<div>\n<p>Buna g\u00f6re, Adalet Bakanl\u0131\u011f\u0131 bakan yard\u0131mc\u0131l\u0131klar\u0131na Ak\u0131n G\u00fcrlek, Hasan Y\u0131lmaz, Niyazi Acar ve Ramazan Can, Aile ve Sosyal Hizmetler Bakanl\u0131\u011f\u0131 bakan yard\u0131mc\u0131l\u0131klar\u0131na Leman Yenig\u00fcn, R\u0131dvan Duran, Sevim Sayim Madak ve Zafer Tarikdaro\u011flu, \u00c7al\u0131\u015fma ve Sosyal G\u00fcvenlik Bakanl\u0131\u011f\u0131 bakan yard\u0131mc\u0131l\u0131klar\u0131na Adnan Ertem, Ahmet Ayd\u0131n, Faruk \u00d6z\u00e7elik ve Lutfihak Alpkan atand\u0131.<\/p>\n<p>\u00c7evre, \u015eehircilik ve \u0130klim De\u011fi\u015fikli\u011fi Bakanl\u0131\u011f\u0131 bakan yard\u0131mc\u0131l\u0131klar\u0131na Fatma Varank, Hasan Suver, Refik Tuzcuo\u011flu ve Vedad G\u00fcrgen atan\u0131rken, \u0130\u00e7i\u015fleri Bakanl\u0131\u011f\u0131 bakan yard\u0131mc\u0131l\u0131klar\u0131na B\u00fclent Turan, Mehmet Akta\u015f, Mehmet Sa\u011flam ve M\u00fcnir Karalo\u011flu, K\u00fclt\u00fcr ve Turizm Bakanl\u0131\u011f\u0131 bakan yard\u0131mc\u0131l\u0131klar\u0131na ise Batuhan Mumcu, G\u00f6khan Yazg\u0131, Nadir Alparslan ve Serdar \u00c7am getirildi.<\/p>\n<p>Milli E\u011fitim Bakanl\u0131\u011f\u0131 bakan yard\u0131mc\u0131l\u0131klar\u0131na Celile Eren \u00d6kten, Kemal \u015eaml\u0131o\u011flu, Nazif Y\u0131lmaz ve \u00d6mer Faruk Yelkenci, Milli Savunma Bakanl\u0131\u011f\u0131 bakan yard\u0131mc\u0131l\u0131klar\u0131na Alparslan Kavakl\u0131o\u011flu, Bilal Durdal\u0131, Celal Sami T\u00fcfek\u00e7i ve \u015euay Alpay, Sa\u011fl\u0131k Bakanl\u0131\u011f\u0131 bakan yard\u0131mc\u0131l\u0131klar\u0131na Huzeyfe Y\u0131lmaz, H\u00fcseyin K\u00fcr\u015fat K\u0131rb\u0131y\u0131k, \u015euay\u0131p Birinci ve Tolga Tolunay atand\u0131.<\/p>\n<p>S\u00f6z konusu atamalar, 3 say\u0131l\u0131 Cumhurba\u015fkanl\u0131\u011f\u0131 Kararnamesi&#8217;nin 2, 3 ve 4&#8217;\u00fcnc\u00fc maddeleri gere\u011fince yap\u0131ld\u0131.<\/p>\n<p>Buna g\u00f6re, Hazine ve Maliye Bakanl\u0131\u011f\u0131 bakan yard\u0131mc\u0131l\u0131klar\u0131na Abdullah Erdem Cantimur, \u0130smail \u0130lhan Hatipo\u011flu, Osman \u00c7elik ve Zekeriya Kaya atand\u0131.<\/p>\n<p>Sanayi ve Teknoloji Bakanl\u0131\u011f\u0131 bakan yard\u0131mc\u0131l\u0131klar\u0131na Ahmet Yozgatl\u0131gil, \u00c7etin Ali D\u00f6nmez, Oru\u00e7 Baba \u0130nan ve Zekeriya \u00c7o\u015ftu getirildi.<\/p>\n<p>Tar\u0131m ve Orman Bakanl\u0131\u011f\u0131 bakan yard\u0131mc\u0131l\u0131klar\u0131na Ahmet Ba\u011fc\u0131, Ahmet G\u00fcmen, Ebubekir Gizligider ve Veysel Tiryaki g\u00f6revlendirildi.<\/p>\n<p>Ticaret Bakanl\u0131\u011f\u0131 bakan yard\u0131mc\u0131l\u0131klar\u0131na Mahmut G\u00fcrcan, Mustafa Tuzcu, \u00d6zg\u00fcr Volkan A\u011far ve Sezai U\u00e7armak getirildi.<\/p>\n<p>Ula\u015ft\u0131rma ve Altyap\u0131 Bakanl\u0131\u011f\u0131 bakan yard\u0131mc\u0131l\u0131klar\u0131na Durmu\u015f \u00dcn\u00fcvar, Enver \u0130skurt, Osman Boyraz ve \u00d6mer Fatih Sayan atand\u0131.<\/p>\n<p>Enerji ve Tabii Kaynaklar Bakanl\u0131\u011f\u0131 bakan yard\u0131mc\u0131l\u0131klar\u0131na Abdullah Tancan, Ahmet Berat \u00c7onkar, Nevzat \u015eat\u0131ro\u011flu ve Zafer Demircan getirildi.<\/p>\n<p>S\u00f6z konusu atamalar, 3 say\u0131l\u0131 Cumhurba\u015fkanl\u0131\u011f\u0131 Kararnamesi&#8217;nin 2, 3 ve 4&#8217;\u00fcnc\u00fc maddeleri gere\u011fince yap\u0131ld\u0131.<\/p>\n<p>                            <span class=\"detay-foto-editor\">&#13;<br \/>\n                                <a href=\"https:\/\/www.aa.com.tr\/tr\/p\/abonelik-talep-formu\/1001\" target=\"_blank\" style=\"font-size:12px; color:#444; text-decoration:none;\" rel=\"noopener\">&#13;<br \/>\n                                    Anadolu Ajans\u0131 web sitesinde, AA Haber Ak\u0131\u015f Sistemi (HAS) \u00fczerinden abonelere sunulan haberler, \u00f6zetlenerek yay\u0131mlanmaktad\u0131r. <b style=\"color:#1897F7\">Abonelik i\u00e7in l\u00fctfen ileti\u015fime ge\u00e7iniz.<\/b>&#13;<br \/>\n                                <\/a>&#13;<br \/>\n                            <\/span>\n                        <\/div>\n<p><script>\n\t  window.fbAsyncInit = function() {\n\t\tFB.init({\n\t\t  appId: '1855843514662870',\n\t\t  status : true, \/\/ check login status\n\t\t  cookie : true, \/\/ enable cookies to allow the server to access the session\n\t\t  xfbml  : true  \/\/ parse XFBML\n\t\t});\n\t  };<\/p>\n<p>\t  (function() {\n\t\tvar e = document.createElement('script');\n\t\te.src=\"https:\/\/connect.facebook.net\/tr_TR\/all.js\";\n\t\te.async = true;\n\t\tdocument.getElementById('fb-root').appendChild(e);\n\t  }());\n    <\/script><\/p>\n","protected":false},"excerpt":{"rendered":"<p>Buna g\u00f6re, Adalet Bakanl\u0131\u011f\u0131 bakan yard\u0131mc\u0131l\u0131klar\u0131na Ak\u0131n G\u00fcrlek, Hasan Y\u0131lmaz, Niyazi Acar ve Ramazan Can, Aile ve Sosyal Hizmetler Bakanl\u0131\u011f\u0131 bakan yard\u0131mc\u0131l\u0131klar\u0131na Leman Yenig\u00fcn, R\u0131dvan Duran, Sevim Sayim Madak ve Zafer Tarikdaro\u011flu, \u00c7al\u0131\u015fma ve Sosyal G\u00fcvenlik Bakanl\u0131\u011f\u0131 bakan yard\u0131mc\u0131l\u0131klar\u0131na Adnan Ertem, Ahmet Ayd\u0131n, Faruk \u00d6z\u00e7elik ve Lutfihak Alpkan atand\u0131. \u00c7evre, \u015eehircilik ve \u0130klim De\u011fi\u015fikli\u011fi Bakanl\u0131\u011f\u0131 [&hellip;]<\/p>\n","protected":false},"author":1,"featured_media":7765,"comment_status":"","ping_status":"","sticky":false,"template":"","format":"standard","meta":[],"categories":[1],"tags":[],"_links":{"self":[{"href":"https:\/\/kraios.app\/news\/wp-json\/wp\/v2\/posts\/7764"}],"collection":[{"href":"https:\/\/kraios.app\/news\/wp-json\/wp\/v2\/posts"}],"about":[{"href":"https:\/\/kraios.app\/news\/wp-json\/wp\/v2\/types\/post"}],"author":[{"embeddable":true,"href":"https:\/\/kraios.app\/news\/wp-json\/wp\/v2\/users\/1"}],"replies":[{"embeddable":true,"href":"https:\/\/kraios.app\/news\/wp-json\/wp\/v2\/comments?post=7764"}],"version-history":[{"count":0,"href":"https:\/\/kraios.app\/news\/wp-json\/wp\/v2\/posts\/7764\/revisions"}],"wp:featuredmedia":[{"embeddable":true,"href":"https:\/\/kraios.app\/news\/wp-json\/wp\/v2\/media\/7765"}],"wp:attachment":[{"href":"https:\/\/kraios.app\/news\/wp-json\/wp\/v2\/media?parent=7764"}],"wp:term":[{"taxonomy":"category","embeddable":true,"href":"https:\/\/kraios.app\/news\/wp-json\/wp\/v2\/categories?post=7764"},{"taxonomy":"post_tag","embeddable":true,"href":"https:\/\/kraios.app\/news\/wp-json\/wp\/v2\/tags?post=7764"}],"curies":[{"name":"wp","href":"https:\/\/api.w.org\/{rel}","templated":true}]}}