{"id":7755,"date":"2023-06-21T21:20:06","date_gmt":"2023-06-21T21:20:06","guid":{"rendered":"https:\/\/kraios.app\/news\/gundem\/2023\/06\/21\/barcelonadan-real-madride-irkcilik-suclamasi\/"},"modified":"2023-06-21T21:20:06","modified_gmt":"2023-06-21T21:20:06","slug":"barcelonadan-real-madride-irkcilik-suclamasi","status":"publish","type":"post","link":"https:\/\/kraios.app\/news\/gundem\/2023\/06\/21\/barcelonadan-real-madride-irkcilik-suclamasi\/","title":{"rendered":"Barcelona&#039;dan Real Madrid&#039;e &quot;\u0131rk\u00e7\u0131l\u0131k&quot; su\u00e7lamas\u0131"},"content":{"rendered":"<p>\u0130spanya&#8217;n\u0131n Barcelona Kul\u00fcb\u00fc, Nijeryal\u0131 basketbolcusu James Nnaji&#8217;yi hedef ald\u0131\u011f\u0131n\u0131 iddia etti\u011fi \u0131rk\u00e7\u0131 hakaretlerden dolay\u0131 Real Madrid&#8217;i su\u00e7lad\u0131.<\/p>\n","protected":false},"excerpt":{"rendered":"<p>\u0130spanya&#8217;n\u0131n Barcelona Kul\u00fcb\u00fc, Nijeryal\u0131 basketbolcusu James Nnaji&#8217;yi hedef ald\u0131\u011f\u0131n\u0131 iddia etti\u011fi \u0131rk\u00e7\u0131 hakaretlerden dolay\u0131 Real Madrid&#8217;i su\u00e7lad\u0131.<\/p>\n","protected":false},"author":1,"featured_media":7756,"comment_status":"","ping_status":"","sticky":false,"template":"","format":"standard","meta":[],"categories":[1],"tags":[],"_links":{"self":[{"href":"https:\/\/kraios.app\/news\/wp-json\/wp\/v2\/posts\/7755"}],"collection":[{"href":"https:\/\/kraios.app\/news\/wp-json\/wp\/v2\/posts"}],"about":[{"href":"https:\/\/kraios.app\/news\/wp-json\/wp\/v2\/types\/post"}],"author":[{"embeddable":true,"href":"https:\/\/kraios.app\/news\/wp-json\/wp\/v2\/users\/1"}],"replies":[{"embeddable":true,"href":"https:\/\/kraios.app\/news\/wp-json\/wp\/v2\/comments?post=7755"}],"version-history":[{"count":0,"href":"https:\/\/kraios.app\/news\/wp-json\/wp\/v2\/posts\/7755\/revisions"}],"wp:featuredmedia":[{"embeddable":true,"href":"https:\/\/kraios.app\/news\/wp-json\/wp\/v2\/media\/7756"}],"wp:attachment":[{"href":"https:\/\/kraios.app\/news\/wp-json\/wp\/v2\/media?parent=7755"}],"wp:term":[{"taxonomy":"category","embeddable":true,"href":"https:\/\/kraios.app\/news\/wp-json\/wp\/v2\/categories?post=7755"},{"taxonomy":"post_tag","embeddable":true,"href":"https:\/\/kraios.app\/news\/wp-json\/wp\/v2\/tags?post=7755"}],"curies":[{"name":"wp","href":"https:\/\/api.w.org\/{rel}","templated":true}]}}