{"id":7744,"date":"2023-06-21T16:53:18","date_gmt":"2023-06-21T16:53:18","guid":{"rendered":"https:\/\/kraios.app\/news\/gundem\/2023\/06\/21\/ebrar-bebek-ucak-ambulansla-mugladan-istanbula-nakledildi\/"},"modified":"2023-06-21T16:53:18","modified_gmt":"2023-06-21T16:53:18","slug":"ebrar-bebek-ucak-ambulansla-mugladan-istanbula-nakledildi","status":"publish","type":"post","link":"https:\/\/kraios.app\/news\/gundem\/2023\/06\/21\/ebrar-bebek-ucak-ambulansla-mugladan-istanbula-nakledildi\/","title":{"rendered":"Ebrar bebek u\u00e7ak ambulansla Mu\u011fla&#039;dan \u0130stanbul&#039;a nakledildi"},"content":{"rendered":"<p>Sa\u011fl\u0131k Bakan\u0131 Fahrettin Koca, Mu\u011fla&#8217;da tedavi g\u00f6ren bir bebe\u011fin u\u00e7ak ambulansla \u0130stanbul&#8217;a sevk edildi\u011fini bildirdi.<\/p>\n","protected":false},"excerpt":{"rendered":"<p>Sa\u011fl\u0131k Bakan\u0131 Fahrettin Koca, Mu\u011fla&#8217;da tedavi g\u00f6ren bir bebe\u011fin u\u00e7ak ambulansla \u0130stanbul&#8217;a sevk edildi\u011fini bildirdi.<\/p>\n","protected":false},"author":1,"featured_media":7745,"comment_status":"","ping_status":"","sticky":false,"template":"","format":"standard","meta":[],"categories":[1],"tags":[],"_links":{"self":[{"href":"https:\/\/kraios.app\/news\/wp-json\/wp\/v2\/posts\/7744"}],"collection":[{"href":"https:\/\/kraios.app\/news\/wp-json\/wp\/v2\/posts"}],"about":[{"href":"https:\/\/kraios.app\/news\/wp-json\/wp\/v2\/types\/post"}],"author":[{"embeddable":true,"href":"https:\/\/kraios.app\/news\/wp-json\/wp\/v2\/users\/1"}],"replies":[{"embeddable":true,"href":"https:\/\/kraios.app\/news\/wp-json\/wp\/v2\/comments?post=7744"}],"version-history":[{"count":0,"href":"https:\/\/kraios.app\/news\/wp-json\/wp\/v2\/posts\/7744\/revisions"}],"wp:featuredmedia":[{"embeddable":true,"href":"https:\/\/kraios.app\/news\/wp-json\/wp\/v2\/media\/7745"}],"wp:attachment":[{"href":"https:\/\/kraios.app\/news\/wp-json\/wp\/v2\/media?parent=7744"}],"wp:term":[{"taxonomy":"category","embeddable":true,"href":"https:\/\/kraios.app\/news\/wp-json\/wp\/v2\/categories?post=7744"},{"taxonomy":"post_tag","embeddable":true,"href":"https:\/\/kraios.app\/news\/wp-json\/wp\/v2\/tags?post=7744"}],"curies":[{"name":"wp","href":"https:\/\/api.w.org\/{rel}","templated":true}]}}