{"id":7728,"date":"2023-06-21T14:20:03","date_gmt":"2023-06-21T14:20:03","guid":{"rendered":"https:\/\/kraios.app\/news\/gundem\/2023\/06\/21\/bati-sahra-ile-kanarya-adalari-arasinda-duzensiz-gocmenleri-tasiyan-tekne-batti\/"},"modified":"2023-06-21T14:20:03","modified_gmt":"2023-06-21T14:20:03","slug":"bati-sahra-ile-kanarya-adalari-arasinda-duzensiz-gocmenleri-tasiyan-tekne-batti","status":"publish","type":"post","link":"https:\/\/kraios.app\/news\/gundem\/2023\/06\/21\/bati-sahra-ile-kanarya-adalari-arasinda-duzensiz-gocmenleri-tasiyan-tekne-batti\/","title":{"rendered":"Bat\u0131 Sahra ile Kanarya Adalar\u0131 aras\u0131nda d\u00fczensiz g\u00f6\u00e7menleri ta\u015f\u0131yan tekne batt\u0131"},"content":{"rendered":"<p><\/p>\n<div>\n<p><strong>Kanarya Adalar\u0131 <\/strong>a\u00e7\u0131klar\u0131nda d\u00fczensiz <strong>g\u00f6\u00e7menleri ta\u015f\u0131yan teknenin<\/strong> batmas\u0131 sonucu en az 2 ki\u015fi \u00f6ld\u00fc, 37 ki\u015fi kayboldu.<\/p>\n<p>\u0130spanyol bas\u0131n\u0131n\u0131n, Kanarya Adalar\u0131 Sahil G\u00fcvenlik Kurumu ile Fas kaynaklar\u0131na dayand\u0131rarak verdi\u011fi haberlerde, Gran Canaria (B\u00fcy\u00fck Kanarya) ile Kuzey Afrika&#8217;daki Bat\u0131 Sahra k\u0131y\u0131lar\u0131 aras\u0131nda d\u00fczensiz g\u00f6\u00e7menleri ta\u015f\u0131yan bir tekne batt\u0131. <\/p>\n<p>Bat\u0131 Sahra&#8217;dan 40 mil, B\u00fcy\u00fck Kanarya Adas\u0131&#8217;ndan 80 mil kadar uzakta seyir halinde olup<strong> d\u00fczensiz g\u00f6\u00e7men<\/strong> ta\u015f\u0131yan teknenin batmas\u0131 sonucu 24 ki\u015finin kurtar\u0131ld\u0131\u011f\u0131, en az 2 ki\u015finin cesedine ula\u015f\u0131ld\u0131\u011f\u0131, 37 ki\u015finin ise kay\u0131p oldu\u011fu bildirildi.<\/p>\n<p>Kanarya Adalar\u0131 <strong>Sahil G\u00fcvenlik <\/strong>Kurumuna ba\u011fl\u0131 &#8220;Helimer 201&#8221; tipi bir helikopterin, batan botun bulundu\u011fu b\u00f6lgeye giderek bir erkek \u00e7ocu\u011funun cesedine ula\u015ft\u0131\u011f\u0131, di\u011fer cesedin de Fas&#8217;a ba\u011fl\u0131 Sahil G\u00fcvenlik teknesi taraf\u0131ndan sudan \u00e7\u0131kar\u0131ld\u0131\u011f\u0131 kaydedildi.<\/p>\n<p>Fas Sahil G\u00fcvenlik ekiplerinin, batan tekneden 24 d\u00fczensiz g\u00f6\u00e7meni kurtard\u0131\u011f\u0131 bilgisi payla\u015f\u0131ld\u0131.<\/p>\n<p>\u0130spanya ve Fas&#8217;\u0131n ortak y\u00fcr\u00fctt\u00fc\u011f\u00fc arama-kurtarma \u00e7al\u0131\u015fmalar\u0131na bir u\u00e7ak, bir helikopter, bir sahil g\u00fcvenlik teknesi ve b\u00f6lgeden ge\u00e7en bir y\u00fck gemisinin kat\u0131ld\u0131\u011f\u0131 belirtildi.<\/p>\n<p>Caminando Fronteras (S\u0131n\u0131rda Y\u00fcr\u00fcyerek) adl\u0131 sivil toplum kurulu\u015fu (STK) yetkilileri de s\u00f6z konusu batan tekneyle ilgili d\u00fcn ak\u015fam \u0130spanya ve Fas sahil g\u00fcvenlik makamlar\u0131n\u0131n bilgilendirdi\u011fini duyurdu.<\/p>\n<p>\u0130spanyol STK, kay\u0131p olanlar\u0131n da \u00f6ld\u00fc\u011f\u00fcn\u00fcn varsay\u0131ld\u0131\u011f\u0131n\u0131 ve toplamda 4&#8217;\u00fc kad\u0131n 1&#8217;i bebek olmak \u00fczere 39 d\u00fczensiz g\u00f6\u00e7menin bu trajedi hayatlar\u0131n\u0131 kaybetti\u011fini iddia etti.<\/p>\n<h3>Yunanistan a\u00e7\u0131klar\u0131nda da tekne facias\u0131 ya\u015fanm\u0131\u015ft\u0131<\/h3>\n<p>\u00d6te yandan Yunanistan&#8217;\u0131n Mora Yar\u0131madas\u0131&#8217;nda bulunan Navarin&#8217;den 47 deniz mili uzakl\u0131ktaki uluslararas\u0131 sularda 14 Haziran&#8217;da d\u00fczensiz g\u00f6\u00e7menleri ta\u015f\u0131yan bal\u0131k\u00e7\u0131 teknesi alabora olmu\u015ftu.<\/p>\n<p>Bal\u0131k\u00e7\u0131 teknesinde bulunan 104 ki\u015fi kurtar\u0131larak Kalamata Liman\u0131&#8217;na getirilmi\u015f, olay\u0131n ard\u0131ndan y\u00fcr\u00fct\u00fclen \u00e7al\u0131\u015fmalarda 81 ki\u015finin cesedine ula\u015f\u0131lm\u0131\u015ft\u0131.<\/p>\n<p>Sivil toplum kurulu\u015fu Alarm Phone&#8217;a g\u00f6re teknede yakla\u015f\u0131k 700 ki\u015fi bulunuyordu.<\/p>\n<p>                            <span class=\"detay-foto-editor\">&#13;<br \/>\n                                <a href=\"https:\/\/www.aa.com.tr\/tr\/p\/abonelik-talep-formu\/1001\" target=\"_blank\" style=\"font-size:12px; color:#444; text-decoration:none;\" rel=\"noopener\">&#13;<br \/>\n                                    Anadolu Ajans\u0131 web sitesinde, AA Haber Ak\u0131\u015f Sistemi (HAS) \u00fczerinden abonelere sunulan haberler, \u00f6zetlenerek yay\u0131mlanmaktad\u0131r. <b style=\"color:#1897F7\">Abonelik i\u00e7in l\u00fctfen ileti\u015fime ge\u00e7iniz.<\/b>&#13;<br \/>\n                                <\/a>&#13;<br \/>\n                            <\/span>\n                        <\/div>\n<p><script>\n\t  window.fbAsyncInit = function() {\n\t\tFB.init({\n\t\t  appId: '1855843514662870',\n\t\t  status : true, \/\/ check login status\n\t\t  cookie : true, \/\/ enable cookies to allow the server to access the session\n\t\t  xfbml  : true  \/\/ parse XFBML\n\t\t});\n\t  };<\/p>\n<p>\t  (function() {\n\t\tvar e = document.createElement('script');\n\t\te.src=\"https:\/\/connect.facebook.net\/tr_TR\/all.js\";\n\t\te.async = true;\n\t\tdocument.getElementById('fb-root').appendChild(e);\n\t  }());\n    <\/script><\/p>\n","protected":false},"excerpt":{"rendered":"<p>Kanarya Adalar\u0131 a\u00e7\u0131klar\u0131nda d\u00fczensiz g\u00f6\u00e7menleri ta\u015f\u0131yan teknenin batmas\u0131 sonucu en az 2 ki\u015fi \u00f6ld\u00fc, 37 ki\u015fi kayboldu. \u0130spanyol bas\u0131n\u0131n\u0131n, Kanarya Adalar\u0131 Sahil G\u00fcvenlik Kurumu ile Fas kaynaklar\u0131na dayand\u0131rarak verdi\u011fi haberlerde, Gran Canaria (B\u00fcy\u00fck Kanarya) ile Kuzey Afrika&#8217;daki Bat\u0131 Sahra k\u0131y\u0131lar\u0131 aras\u0131nda d\u00fczensiz g\u00f6\u00e7menleri ta\u015f\u0131yan bir tekne batt\u0131. Bat\u0131 Sahra&#8217;dan 40 mil, B\u00fcy\u00fck Kanarya Adas\u0131&#8217;ndan 80 [&hellip;]<\/p>\n","protected":false},"author":1,"featured_media":7729,"comment_status":"","ping_status":"","sticky":false,"template":"","format":"standard","meta":[],"categories":[1],"tags":[],"_links":{"self":[{"href":"https:\/\/kraios.app\/news\/wp-json\/wp\/v2\/posts\/7728"}],"collection":[{"href":"https:\/\/kraios.app\/news\/wp-json\/wp\/v2\/posts"}],"about":[{"href":"https:\/\/kraios.app\/news\/wp-json\/wp\/v2\/types\/post"}],"author":[{"embeddable":true,"href":"https:\/\/kraios.app\/news\/wp-json\/wp\/v2\/users\/1"}],"replies":[{"embeddable":true,"href":"https:\/\/kraios.app\/news\/wp-json\/wp\/v2\/comments?post=7728"}],"version-history":[{"count":0,"href":"https:\/\/kraios.app\/news\/wp-json\/wp\/v2\/posts\/7728\/revisions"}],"wp:featuredmedia":[{"embeddable":true,"href":"https:\/\/kraios.app\/news\/wp-json\/wp\/v2\/media\/7729"}],"wp:attachment":[{"href":"https:\/\/kraios.app\/news\/wp-json\/wp\/v2\/media?parent=7728"}],"wp:term":[{"taxonomy":"category","embeddable":true,"href":"https:\/\/kraios.app\/news\/wp-json\/wp\/v2\/categories?post=7728"},{"taxonomy":"post_tag","embeddable":true,"href":"https:\/\/kraios.app\/news\/wp-json\/wp\/v2\/tags?post=7728"}],"curies":[{"name":"wp","href":"https:\/\/api.w.org\/{rel}","templated":true}]}}