{"id":7594,"date":"2023-06-19T16:04:07","date_gmt":"2023-06-19T16:04:07","guid":{"rendered":"https:\/\/kraios.app\/news\/gundem\/2023\/06\/19\/bakan-ozhasekiden-deprem-bolgesine-iliskin-yerinde-donusum-vurgusu\/"},"modified":"2023-06-19T16:04:07","modified_gmt":"2023-06-19T16:04:07","slug":"bakan-ozhasekiden-deprem-bolgesine-iliskin-yerinde-donusum-vurgusu","status":"publish","type":"post","link":"https:\/\/kraios.app\/news\/gundem\/2023\/06\/19\/bakan-ozhasekiden-deprem-bolgesine-iliskin-yerinde-donusum-vurgusu\/","title":{"rendered":"Bakan \u00d6zhaseki&#8217;den, deprem b\u00f6lgesine ili\u015fkin &#8220;yerinde d\u00f6n\u00fc\u015f\u00fcm&#8221; vurgusu"},"content":{"rendered":"<p><\/p>\n<div>\n<p>Bakan \u00d6zhaseki, Kahramanmara\u015f merkezli 6 \u015eubat&#8217;taki depremlerden etkilenen Osmaniye&#8217;de TRT Haber&#8217;in canl\u0131 yay\u0131n konu\u011fu oldu.<\/p>\n<p>Yerinde d\u00f6n\u00fc\u015f\u00fcm\u00fcn \u00f6nemini vurgulayan \u00d6zhaseki, &#8220;Eski yapt\u0131\u011f\u0131m\u0131z usuldeki tercih etti\u011fimiz yolla devam edersek, sadece bizim tespit edebildi\u011fimiz rezerv alanlarda konutlar \u00fcretebiliyoruz. \u015eu ana kadar ihalesini yapt\u0131\u011f\u0131m\u0131z ba\u011f\u0131ms\u0131z birim say\u0131m\u0131z da 170 bin civar\u0131nda. Bizim tam 4 misli daha fazlas\u0131n\u0131 ihale edip vatanda\u015fa, hak sahipli\u011fine do\u011fru y\u00f6nlendirmemiz gerekiyor. Say\u0131n Cumhurba\u015fkan\u0131&#8217;m\u0131z\u0131n liderli\u011finde yap\u0131lan kabinede de arz etti\u011fim ve arkada\u015flar\u0131m\u0131z taraf\u0131ndan da oy birli\u011fiyle kabul edilen y\u00f6ntem de yerinde d\u00f6n\u00fc\u015f\u00fcm.&#8221; dedi.<\/p>\n<p>Baz\u0131 yerlere yap\u0131 yasa\u011f\u0131 getirilece\u011fini dile getiren \u00d6zhaseki, &#8220;Evet, \u015fehirlerimiz b\u00fcy\u00fck hasar g\u00f6rd\u00fc, oralarda fay k\u0131r\u0131klar\u0131 olan yerler var. Yap\u0131 yasa\u011f\u0131 getirece\u011fimiz \u00f6zellikle belki de sel yata\u011f\u0131 gibi g\u00f6z\u00fcken dere yataklar\u0131 gibi yerler var. Buralara bir daha asla konut yap\u0131lmayacak, kesin. Onun d\u0131\u015f\u0131ndaki sa\u011flam zeminlerde bizim yeniden hayat\u0131 canland\u0131rmak i\u00e7in oradaki yap\u0131la\u015fmaya da izin vermemiz gerekiyor.&#8221; de\u011ferlendirmesinde bulundu.<\/p>\n<p>Bakan \u00d6zhaseki, \u015f\u00f6yle devam etti:<\/p>\n<p>&#8220;Bu \u015fehirler kadim \u015fehirler. Siz belirli yerlerde kentler yapsan\u0131z bile insanlar d\u00f6n\u00fcp dola\u015f\u0131p o \u015fehrin merkezinde ya\u015fayacaklar. Valilikler, belediyeler, \u00e7ar\u015f\u0131, herkesin hat\u0131ras\u0131 orada. O zaman bizim yeni usuller belirleyerek, yeni standartlarda yerinde d\u00f6n\u00fc\u015f\u00fcm\u00fc sa\u011flamam\u0131z icap ediyor. Vatanda\u015f\u0131n da \u0131srarla bizden istedi\u011fi bu. \u0130\u015fte onun usullerini belirledik. Gitti\u011fimiz her yerde vatanda\u015fa bunu anlat\u0131p, oradaki ticaret sanayi odalar\u0131yla, sekt\u00f6r temsilcileriyle, m\u00fcteahhitlik gruplar\u0131yla, sivil toplum kurulu\u015flar\u0131yla konu\u015farak bu yerinde d\u00f6n\u00fc\u015f\u00fcm\u00fcn\u00fcn bizim ortaya koymaya \u00e7al\u0131\u015ft\u0131\u011f\u0131m\u0131z prensiplerini anlat\u0131yoruz. Oradan gelen tepkileri dinliyor, sorular\u0131 al\u0131yoruz. Bizim d\u00fc\u015f\u00fcnemedi\u011fimiz ne varsa onlar\u0131 da ciddiyetle takip ediyoruz.&#8221;<\/p>\n<p>Yerinde d\u00f6n\u00fc\u015f\u00fcmle ilgili prensiplerden taviz vermeyeceklerine dikkati \u00e7eken \u00d6zhaseki, &#8220;Birisi \u015fu; o zeminler sa\u011flamsa zemin art\u0131 4&#8217;ten fazla yani 5 katl\u0131dan fazla olmayacak. Ona uygun \u015fekilde de ruhsat a\u015famas\u0131ndan ba\u015flayarak mesken safhas\u0131na, vatanda\u015f i\u00e7inde oturana kadar biz devlet olarak onu takviye edece\u011fiz. Biraz hibe, biraz kredi verece\u011fiz. Yerinde d\u00f6n\u00fc\u015fs\u00fcn, yap\u0131ls\u0131n istiyoruz ama bizim nezaretimizde, kontrol\u00fcm\u00fczde, sonuna kadar bizim standartlar\u0131m\u0131zla yap\u0131ls\u0131n istiyoruz.&#8221; diye konu\u015ftu.<\/p>\n<h3>&#8220;\u015eehirlerin merkezleri bir an \u00f6nce hareketlenecek, aya\u011fa kalkacak&#8221;<\/h3>\n<p>\u00d6zhaseki, deprem b\u00f6lgesine 1 y\u0131l i\u00e7erisinde 311 bin konut yap\u0131laca\u011f\u0131n\u0131 belirterek, \u015funlar\u0131 kaydetti: <\/p>\n<p>&#8220;Bizim 850 bin hasarl\u0131 veya y\u0131k\u0131lm\u0131\u015f olan yap\u0131lar kar\u015f\u0131s\u0131nda bu y\u0131l itibar\u0131yla Say\u0131n Cumhurba\u015fkan\u0131&#8217;m\u0131z\u0131n s\u00f6z verdi\u011fi, &#8216;1 sene i\u00e7erisinde bitirilecek&#8217; dedi\u011fi rakam 311 bin. Bunda tavizimiz yok, devam edece\u011fiz, in\u015fallah teslim edece\u011fiz. Ama onun d\u0131\u015f\u0131nda \u015fehirlerin hayat\u0131n\u0131 yeniden canland\u0131rmak istiyorsak o yerinde d\u00f6n\u00fc\u015f\u00fcm\u00fc yapmak durumunday\u0131z. E\u011fer biz bunu sa\u011flayabilirsek ki gitti\u011fimiz her yerde de b\u00fcy\u00fck bir ilgiyle kar\u015f\u0131land\u0131k, &#8216;Evet siz bunu yap\u0131n, biz b\u00f6yle istiyoruz&#8217; dediler. O zaman olacak olan \u015fu; \u015fehirlerin merkezleri bir an \u00f6nce hareketlenecek, aya\u011fa kalkacak. Oradaki yerel mimarl\u0131k, m\u00fchendislik ofisleri i\u015f g\u00f6rmeye ba\u015flayacaklar ve bir taraftan istihdam da sa\u011flanacak.&#8221;<\/p>\n<p>Osmaniye&#8217;de, yeniden yap\u0131lmas\u0131 zorunlu olan yakla\u015f\u0131k 26 bin ba\u011f\u0131ms\u0131z birimden 6 bin civar\u0131n\u0131n ihale edildi\u011fi bilgisini veren \u00d6zhaseki, &#8220;Yerinde d\u00f6n\u00fc\u015f\u00fcmle birlikte kar\u015f\u0131m\u0131zda ne kadar bir talep olacak onu g\u00f6rmeye \u00e7al\u0131\u015f\u0131yoruz. E\u011fer yerinde d\u00f6n\u00fc\u015f\u00fcmle b\u00fcy\u00fck bir \u00e7o\u011funlu\u011fun zarar\u0131n\u0131 kar\u015f\u0131layabiliyorsak, vatanda\u015f oradan hakk\u0131n\u0131 bizden alabiliyorsa bunu yapt\u0131\u011f\u0131m\u0131zla kalaca\u011f\u0131z.&#8221; ifadelerini kulland\u0131.<\/p>\n<p>\u00d6zhaseki, yerinde d\u00f6n\u00fc\u015f\u00fcm\u00fcn avantajlar\u0131na de\u011finerek, \u015f\u00f6yle konu\u015ftu:<\/p>\n<p>&#8220;Ekonomik olarak da \u015f\u00f6yle bir avantaj\u0131m\u0131z olacak. Hatay merkez belli, bizim buldu\u011fumuz rezerv alanlar 7-9 kilometre \u00f6tede. \u015eimdi biz 9 kilometre \u00f6teye kadar bir kere yol, su g\u00f6t\u00fcrmek, kanal yapmak zorunday\u0131z. Oraya yapt\u0131\u011f\u0131m\u0131z konutlar\u0131n etraf\u0131nda bah\u00e7eler yapmak durumunday\u0131z. Okullar, camiler, sosyal donat\u0131 alanlar\u0131, tamam\u0131n\u0131 g\u00f6t\u00fcrmek zorunday\u0131z. Bunlar\u0131 g\u00f6t\u00fcrd\u00fc\u011f\u00fcm\u00fczde maliyet iki misline \u00e7\u0131k\u0131yor. Ama yerinde d\u00f6n\u00fc\u015ft\u00fcr\u00fcrsek zaten okulu, camisi, yollar var. Belki hasarlar\u0131 revize ederek k\u00fc\u00e7\u00fck masraflarla bu t\u00fcr altyap\u0131 masraflar\u0131ndan da kurtulmu\u015f olaca\u011f\u0131z.&#8221;<\/p>\n<h3>&#8220;Bu b\u00f6lgeden ayr\u0131lmayaca\u011f\u0131z&#8221;<\/h3>\n<p>Vatanda\u015flara verilen s\u00f6zlerin tutulaca\u011f\u0131n\u0131 vurgulayan Bakan \u00d6zhaseki, &#8220;Say\u0131n Cumhurba\u015fkan\u0131&#8217;m\u0131z\u0131n s\u00f6z verdi\u011fi i\u015flerin hepsiyle ilgili yeni yeni form\u00fcller buluyoruz. Yeni kaynaklar buluyoruz. Vatanda\u015f m\u00fcsterih olsun. Say\u0131n Cumhurba\u015fkan\u0131&#8217;m\u0131z nas\u0131l s\u00f6z vermi\u015fse emin olun hepsini yapaca\u011f\u0131z ve buralardan, bu b\u00f6lgelerden de ayr\u0131lmayaca\u011f\u0131z. Ne zaman ayr\u0131laca\u011f\u0131z? Vatanda\u015f, &#8216;Allah sizden raz\u0131 olsun, biz sizden memnunuz karde\u015fim, evet gidebilirsiniz&#8217; deyinceye kadar buralarday\u0131z. Hi\u00e7 kimsenin endi\u015fesi olmas\u0131n.&#8221; \u015feklinde konu\u015ftu.<\/p>\n<p>T\u00fcrkiye&#8217;nin, deprem \u00fclkesi oldu\u011fu ger\u00e7e\u011finin unutulmamas\u0131 gerekti\u011finin alt\u0131n\u0131 \u00e7izen \u00d6zhaseki, &#8220;Bizim, belirli standartlarda, \u00f6zellikle asla taviz vermeden yeni konutlar\u0131m\u0131z\u0131 g\u00fcvenli \u015fekilde yapmak gibi bir zorunlulu\u011fumuz var. \u0130\u015fte bunlar\u0131n prensiplerini oturtuyoruz. \u00d6n\u00fcm\u00fczdeki g\u00fcnlerde \u00e7ok h\u0131zl\u0131 bi\u00e7imde bu prensipler dahilinde b\u00fct\u00fcn evleri de teslim etmeye gayret ediyoruz.&#8221; dedi.<\/p>\n<p>Bakan \u00d6zhaseki, bu kapsamdaki \u00e7al\u0131\u015fmalar\u0131 kararl\u0131l\u0131kla s\u00fcrd\u00fcreceklerini belirterek, \u015funlar\u0131 kaydetti:<\/p>\n<p>&#8220;5 katl\u0131 bir bina d\u00fc\u015f\u00fcn\u00fcn, 10 daire var i\u00e7erisinde, y\u0131k\u0131lm\u0131\u015f. Y\u00fczde 65&#8217;i, 3&#8217;te 2&#8217;yi sa\u011flad\u0131\u011f\u0131m\u0131zda i\u015fe ba\u015flayaca\u011f\u0131z, hi\u00e7 dinlemeyece\u011fiz. Onu yapaca\u011f\u0131z, daha sonra hak sahibinin ad\u0131na da zaten tescil edip b\u0131rakaca\u011f\u0131z. E\u011fer i\u00e7inden birisinin &#8216;Ya ben hukuk m\u00fccadelesi veriyorum&#8217; diyerek y\u00fczlerce insan\u0131 bekletti\u011fi, bazen Fikirtepe \u00f6rne\u011finde oldu\u011fu gibi binlerce insan\u0131n ma\u011fdur oldu\u011fu yerde bir ki\u015fi, ideolojik olarak tak\u0131l\u0131p herkesi ma\u011fdur edecekse ona da izin vermeyece\u011fiz.&#8221;<\/p>\n<p>                            <span class=\"detay-foto-editor\">&#13;<br \/>\n                                <a href=\"https:\/\/www.aa.com.tr\/tr\/p\/abonelik-talep-formu\/1001\" target=\"_blank\" style=\"font-size:12px; color:#444; text-decoration:none;\" rel=\"noopener\">&#13;<br \/>\n                                    Anadolu Ajans\u0131 web sitesinde, AA Haber Ak\u0131\u015f Sistemi (HAS) \u00fczerinden abonelere sunulan haberler, \u00f6zetlenerek yay\u0131mlanmaktad\u0131r. <b style=\"color:#1897F7\">Abonelik i\u00e7in l\u00fctfen ileti\u015fime ge\u00e7iniz.<\/b>&#13;<br \/>\n                                <\/a>&#13;<br \/>\n                            <\/span>\n                        <\/div>\n<p><script>\n\t  window.fbAsyncInit = function() {\n\t\tFB.init({\n\t\t  appId: '1855843514662870',\n\t\t  status : true, \/\/ check login status\n\t\t  cookie : true, \/\/ enable cookies to allow the server to access the session\n\t\t  xfbml  : true  \/\/ parse XFBML\n\t\t});\n\t  };<\/p>\n<p>\t  (function() {\n\t\tvar e = document.createElement('script');\n\t\te.src=\"https:\/\/connect.facebook.net\/tr_TR\/all.js\";\n\t\te.async = true;\n\t\tdocument.getElementById('fb-root').appendChild(e);\n\t  }());\n    <\/script><\/p>\n","protected":false},"excerpt":{"rendered":"<p>Bakan \u00d6zhaseki, Kahramanmara\u015f merkezli 6 \u015eubat&#8217;taki depremlerden etkilenen Osmaniye&#8217;de TRT Haber&#8217;in canl\u0131 yay\u0131n konu\u011fu oldu. Yerinde d\u00f6n\u00fc\u015f\u00fcm\u00fcn \u00f6nemini vurgulayan \u00d6zhaseki, &#8220;Eski yapt\u0131\u011f\u0131m\u0131z usuldeki tercih etti\u011fimiz yolla devam edersek, sadece bizim tespit edebildi\u011fimiz rezerv alanlarda konutlar \u00fcretebiliyoruz. \u015eu ana kadar ihalesini yapt\u0131\u011f\u0131m\u0131z ba\u011f\u0131ms\u0131z birim say\u0131m\u0131z da 170 bin civar\u0131nda. Bizim tam 4 misli daha fazlas\u0131n\u0131 ihale [&hellip;]<\/p>\n","protected":false},"author":1,"featured_media":7595,"comment_status":"","ping_status":"","sticky":false,"template":"","format":"standard","meta":[],"categories":[1],"tags":[],"_links":{"self":[{"href":"https:\/\/kraios.app\/news\/wp-json\/wp\/v2\/posts\/7594"}],"collection":[{"href":"https:\/\/kraios.app\/news\/wp-json\/wp\/v2\/posts"}],"about":[{"href":"https:\/\/kraios.app\/news\/wp-json\/wp\/v2\/types\/post"}],"author":[{"embeddable":true,"href":"https:\/\/kraios.app\/news\/wp-json\/wp\/v2\/users\/1"}],"replies":[{"embeddable":true,"href":"https:\/\/kraios.app\/news\/wp-json\/wp\/v2\/comments?post=7594"}],"version-history":[{"count":0,"href":"https:\/\/kraios.app\/news\/wp-json\/wp\/v2\/posts\/7594\/revisions"}],"wp:featuredmedia":[{"embeddable":true,"href":"https:\/\/kraios.app\/news\/wp-json\/wp\/v2\/media\/7595"}],"wp:attachment":[{"href":"https:\/\/kraios.app\/news\/wp-json\/wp\/v2\/media?parent=7594"}],"wp:term":[{"taxonomy":"category","embeddable":true,"href":"https:\/\/kraios.app\/news\/wp-json\/wp\/v2\/categories?post=7594"},{"taxonomy":"post_tag","embeddable":true,"href":"https:\/\/kraios.app\/news\/wp-json\/wp\/v2\/tags?post=7594"}],"curies":[{"name":"wp","href":"https:\/\/api.w.org\/{rel}","templated":true}]}}