{"id":7471,"date":"2023-06-18T07:06:59","date_gmt":"2023-06-18T07:06:59","guid":{"rendered":"https:\/\/kraios.app\/news\/gundem\/2023\/06\/18\/esnaf-kurban-bayrami-alisverislerinden-yaklasik-100-milyar-lira-gelir-bekliyor\/"},"modified":"2023-06-18T07:06:59","modified_gmt":"2023-06-18T07:06:59","slug":"esnaf-kurban-bayrami-alisverislerinden-yaklasik-100-milyar-lira-gelir-bekliyor","status":"publish","type":"post","link":"https:\/\/kraios.app\/news\/gundem\/2023\/06\/18\/esnaf-kurban-bayrami-alisverislerinden-yaklasik-100-milyar-lira-gelir-bekliyor\/","title":{"rendered":"Esnaf, Kurban Bayram\u0131 al\u0131\u015fveri\u015flerinden yakla\u015f\u0131k 100 milyar lira gelir bekliyor"},"content":{"rendered":"<p>TESK Genel Ba\u015fkan\u0131 Paland\u00f6ken, esnaf\u0131n tatil ve bayram al\u0131\u015fveri\u015flerinden umutlu oldu\u011funu belirterek, &#8220;Bu bayram yap\u0131lacak harcamalarla piyasaya yakla\u015f\u0131k 90-100 milyar lira girmesi bekleniyor.&#8221; ifadesini kulland\u0131.<\/p>\n","protected":false},"excerpt":{"rendered":"<p>TESK Genel Ba\u015fkan\u0131 Paland\u00f6ken, esnaf\u0131n tatil ve bayram al\u0131\u015fveri\u015flerinden umutlu oldu\u011funu belirterek, &#8220;Bu bayram yap\u0131lacak harcamalarla piyasaya yakla\u015f\u0131k 90-100 milyar lira girmesi bekleniyor.&#8221; ifadesini kulland\u0131.<\/p>\n","protected":false},"author":1,"featured_media":7472,"comment_status":"","ping_status":"","sticky":false,"template":"","format":"standard","meta":[],"categories":[1],"tags":[],"_links":{"self":[{"href":"https:\/\/kraios.app\/news\/wp-json\/wp\/v2\/posts\/7471"}],"collection":[{"href":"https:\/\/kraios.app\/news\/wp-json\/wp\/v2\/posts"}],"about":[{"href":"https:\/\/kraios.app\/news\/wp-json\/wp\/v2\/types\/post"}],"author":[{"embeddable":true,"href":"https:\/\/kraios.app\/news\/wp-json\/wp\/v2\/users\/1"}],"replies":[{"embeddable":true,"href":"https:\/\/kraios.app\/news\/wp-json\/wp\/v2\/comments?post=7471"}],"version-history":[{"count":0,"href":"https:\/\/kraios.app\/news\/wp-json\/wp\/v2\/posts\/7471\/revisions"}],"wp:featuredmedia":[{"embeddable":true,"href":"https:\/\/kraios.app\/news\/wp-json\/wp\/v2\/media\/7472"}],"wp:attachment":[{"href":"https:\/\/kraios.app\/news\/wp-json\/wp\/v2\/media?parent=7471"}],"wp:term":[{"taxonomy":"category","embeddable":true,"href":"https:\/\/kraios.app\/news\/wp-json\/wp\/v2\/categories?post=7471"},{"taxonomy":"post_tag","embeddable":true,"href":"https:\/\/kraios.app\/news\/wp-json\/wp\/v2\/tags?post=7471"}],"curies":[{"name":"wp","href":"https:\/\/api.w.org\/{rel}","templated":true}]}}