{"id":7459,"date":"2023-06-18T02:19:40","date_gmt":"2023-06-18T02:19:40","guid":{"rendered":"https:\/\/kraios.app\/news\/gundem\/2023\/06\/18\/suudi-arabistan-tahran-buyukelciligi-ve-meshed-konsoloslugunu-kurban-bayramindan-sonra-acacak\/"},"modified":"2023-06-18T02:19:40","modified_gmt":"2023-06-18T02:19:40","slug":"suudi-arabistan-tahran-buyukelciligi-ve-meshed-konsoloslugunu-kurban-bayramindan-sonra-acacak","status":"publish","type":"post","link":"https:\/\/kraios.app\/news\/gundem\/2023\/06\/18\/suudi-arabistan-tahran-buyukelciligi-ve-meshed-konsoloslugunu-kurban-bayramindan-sonra-acacak\/","title":{"rendered":"Suudi Arabistan, Tahran B\u00fcy\u00fckel\u00e7ili\u011fi ve Me\u015fhed Konsoloslu\u011funu Kurban Bayram\u0131&#8217;ndan sonra a\u00e7acak"},"content":{"rendered":"<p><\/p>\n<div>\n<p><strong>Suudi Arabistan<\/strong>&#8216;\u0131n El-Vatan gazetesinde yay\u0131mlanan habere g\u00f6re, Tahran B\u00fcy\u00fckel\u00e7ili\u011fi ve Me\u015fhed Konsoloslu\u011fu, bayram\u0131n ard\u0131ndan a\u00e7\u0131lacak.<\/p>\n<p>B\u00fcy\u00fckel\u00e7ilik ve konsoloslu\u011fun \u00e7al\u0131\u015fmalara ba\u015flayaca\u011f\u0131 g\u00fcnle ilgili net bir tarih verilmedi.<\/p>\n<p>Bu konunun, \u0130ran&#8217;\u0131n ba\u015fkenti <strong>Tahran<\/strong>&#8216;\u0131 ziyaret eden Suudi Arabistan D\u0131\u015fi\u015fleri Bakan\u0131 Faysal Bin Ferhan&#8217;\u0131n, \u0130ran D\u0131\u015fi\u015fleri Bakan\u0131 H\u00fcseyin Emir Abdullahiyan ile yapt\u0131\u011f\u0131 ikili g\u00f6r\u00fc\u015fmede konu\u015fuldu\u011fu bilgisi verildi.<\/p>\n<p>D\u0131\u015fi\u015fleri Bakan\u0131 Bin Ferhan, \u0130ranl\u0131 mevkida\u015f\u0131 Abdullahiyan ile d\u00fcn ba\u015fkent Tahran&#8217;da bir araya gelmi\u015fti.<\/p>\n<p>G\u00f6r\u00fc\u015fme sonras\u0131 bas\u0131n toplant\u0131s\u0131nda konu\u015fan Bin Ferhan, \u0130ran&#8217;\u0131n Riyad B\u00fcy\u00fckel\u00e7ili\u011fi&#8217;nin yeniden a\u00e7\u0131ld\u0131\u011f\u0131n\u0131 hat\u0131rlatarak, &#8220;Yak\u0131nda Tahran&#8217;da b\u00fcy\u00fckel\u00e7ili\u011fimiz a\u00e7\u0131lacak. \u0130ki \u00fclke aras\u0131ndaki ili\u015fkilerin normal seyrine d\u00f6nmesi \u00f6nemli bir konudur. Her iki \u00fclke de b\u00f6lgede \u00f6nemli.&#8221; ifadelerini kullanm\u0131\u015ft\u0131.<\/p>\n<p>Suudi Arabistan&#8217;dan \u0130ran&#8217;a d\u0131\u015fi\u015fleri bakan\u0131 d\u00fczeyinde son ziyaret yakla\u015f\u0131k 17 y\u0131l \u00f6nce ger\u00e7ekle\u015fmi\u015fti.<\/p>\n<h3>\u0130ran ile Suudi Arabistan aras\u0131nda ili\u015fkileri normalle\u015ftirme s\u00fcreci<\/h3>\n<p>Suudi Arabistan&#8217;da Ocak 2016&#8217;da aralar\u0131nda \u015eii din adam\u0131 Nimr en-Nimr&#8217;in de bulundu\u011fu 47 ki\u015finin &#8220;ter\u00f6r&#8221; su\u00e7lamas\u0131yla idam edilmesi sonras\u0131nda ya\u015fanan gerginlik s\u00fcrecinde Suudi Arabistan ile \u0130ran aras\u0131ndaki diplomatik ili\u015fkiler kesilmi\u015fti.<\/p>\n<p>Irak ve Umman&#8217;\u0131n ev sahipli\u011finde 2021&#8217;de m\u00fczakerelere ba\u015flayan Riyad ve Tahran, 10 Mart&#8217;ta Pekin&#8217;de \u00c7inli yetkililerin arac\u0131l\u0131\u011f\u0131yla 7 y\u0131l aradan sonra diplomatik ili\u015fkilerin iki ay i\u00e7inde yeniden ba\u015flat\u0131lmas\u0131 konusunda anla\u015fmaya varm\u0131\u015ft\u0131.<\/p>\n<p>\u0130ran D\u0131\u015fi\u015fleri Bakan\u0131 Abdullahiyan ile Suudi Arabistanl\u0131 mevkida\u015f\u0131 Bin Ferhan da 6 Nisan&#8217;da Pekin&#8217;de bir araya gelmi\u015f ve iki \u00fclke b\u00fcy\u00fckel\u00e7iliklerinin yeniden a\u00e7\u0131lmas\u0131, iki \u00fclke aras\u0131ndaki u\u00e7u\u015flar\u0131n yeniden ba\u015flat\u0131lmas\u0131 ve vizelerin kolayla\u015ft\u0131r\u0131lmas\u0131 konusunda anla\u015fm\u0131\u015ft\u0131.<\/p>\n<p>\u0130ran, 23 May\u0131s&#8217;ta D\u0131\u015fi\u015fleri Bakan Yard\u0131mc\u0131s\u0131 Ali R\u0131za Enayeti&#8217;nin Riyad B\u00fcy\u00fckel\u00e7isi olarak atand\u0131\u011f\u0131n\u0131 a\u00e7\u0131klam\u0131\u015f, 6 Haziran&#8217;da \u0130ran&#8217;\u0131n Riyad B\u00fcy\u00fckel\u00e7ili\u011fi, 8 Haziran&#8217;da da Cidde Konsoloslu\u011fu yeniden a\u00e7\u0131lm\u0131\u015ft\u0131.<\/p>\n<p>                            <span class=\"detay-foto-editor\">&#13;<br \/>\n                                <a href=\"https:\/\/www.aa.com.tr\/tr\/p\/abonelik-talep-formu\/1001\" target=\"_blank\" style=\"font-size:12px; color:#444; text-decoration:none;\" rel=\"noopener\">&#13;<br \/>\n                                    Anadolu Ajans\u0131 web sitesinde, AA Haber Ak\u0131\u015f Sistemi (HAS) \u00fczerinden abonelere sunulan haberler, \u00f6zetlenerek yay\u0131mlanmaktad\u0131r. <b style=\"color:#1897F7\">Abonelik i\u00e7in l\u00fctfen ileti\u015fime ge\u00e7iniz.<\/b>&#13;<br \/>\n                                <\/a>&#13;<br \/>\n                            <\/span>\n                        <\/div>\n<p><script>\n\t  window.fbAsyncInit = function() {\n\t\tFB.init({\n\t\t  appId: '1855843514662870',\n\t\t  status : true, \/\/ check login status\n\t\t  cookie : true, \/\/ enable cookies to allow the server to access the session\n\t\t  xfbml  : true  \/\/ parse XFBML\n\t\t});\n\t  };<\/p>\n<p>\t  (function() {\n\t\tvar e = document.createElement('script');\n\t\te.src=\"https:\/\/connect.facebook.net\/tr_TR\/all.js\";\n\t\te.async = true;\n\t\tdocument.getElementById('fb-root').appendChild(e);\n\t  }());\n    <\/script><\/p>\n","protected":false},"excerpt":{"rendered":"<p>Suudi Arabistan&#8216;\u0131n El-Vatan gazetesinde yay\u0131mlanan habere g\u00f6re, Tahran B\u00fcy\u00fckel\u00e7ili\u011fi ve Me\u015fhed Konsoloslu\u011fu, bayram\u0131n ard\u0131ndan a\u00e7\u0131lacak. B\u00fcy\u00fckel\u00e7ilik ve konsoloslu\u011fun \u00e7al\u0131\u015fmalara ba\u015flayaca\u011f\u0131 g\u00fcnle ilgili net bir tarih verilmedi. Bu konunun, \u0130ran&#8217;\u0131n ba\u015fkenti Tahran&#8216;\u0131 ziyaret eden Suudi Arabistan D\u0131\u015fi\u015fleri Bakan\u0131 Faysal Bin Ferhan&#8217;\u0131n, \u0130ran D\u0131\u015fi\u015fleri Bakan\u0131 H\u00fcseyin Emir Abdullahiyan ile yapt\u0131\u011f\u0131 ikili g\u00f6r\u00fc\u015fmede konu\u015fuldu\u011fu bilgisi verildi. D\u0131\u015fi\u015fleri Bakan\u0131 [&hellip;]<\/p>\n","protected":false},"author":1,"featured_media":7460,"comment_status":"","ping_status":"","sticky":false,"template":"","format":"standard","meta":[],"categories":[1],"tags":[],"_links":{"self":[{"href":"https:\/\/kraios.app\/news\/wp-json\/wp\/v2\/posts\/7459"}],"collection":[{"href":"https:\/\/kraios.app\/news\/wp-json\/wp\/v2\/posts"}],"about":[{"href":"https:\/\/kraios.app\/news\/wp-json\/wp\/v2\/types\/post"}],"author":[{"embeddable":true,"href":"https:\/\/kraios.app\/news\/wp-json\/wp\/v2\/users\/1"}],"replies":[{"embeddable":true,"href":"https:\/\/kraios.app\/news\/wp-json\/wp\/v2\/comments?post=7459"}],"version-history":[{"count":0,"href":"https:\/\/kraios.app\/news\/wp-json\/wp\/v2\/posts\/7459\/revisions"}],"wp:featuredmedia":[{"embeddable":true,"href":"https:\/\/kraios.app\/news\/wp-json\/wp\/v2\/media\/7460"}],"wp:attachment":[{"href":"https:\/\/kraios.app\/news\/wp-json\/wp\/v2\/media?parent=7459"}],"wp:term":[{"taxonomy":"category","embeddable":true,"href":"https:\/\/kraios.app\/news\/wp-json\/wp\/v2\/categories?post=7459"},{"taxonomy":"post_tag","embeddable":true,"href":"https:\/\/kraios.app\/news\/wp-json\/wp\/v2\/tags?post=7459"}],"curies":[{"name":"wp","href":"https:\/\/api.w.org\/{rel}","templated":true}]}}