{"id":7434,"date":"2023-06-17T16:20:05","date_gmt":"2023-06-17T16:20:05","guid":{"rendered":"https:\/\/kraios.app\/news\/gundem\/2023\/06\/17\/milli-eskrimci-enver-yildirim-avrupa-sampiyonasinda-turkiyeye-tarihindeki-ilk-madalyayi-kazandirdi\/"},"modified":"2023-06-17T16:20:05","modified_gmt":"2023-06-17T16:20:05","slug":"milli-eskrimci-enver-yildirim-avrupa-sampiyonasinda-turkiyeye-tarihindeki-ilk-madalyayi-kazandirdi","status":"publish","type":"post","link":"https:\/\/kraios.app\/news\/gundem\/2023\/06\/17\/milli-eskrimci-enver-yildirim-avrupa-sampiyonasinda-turkiyeye-tarihindeki-ilk-madalyayi-kazandirdi\/","title":{"rendered":"Milli eskrimci Enver Y\u0131ld\u0131r\u0131m, Avrupa \u015eampiyonas\u0131&#039;nda T\u00fcrkiye&#039;ye tarihindeki ilk madalyay\u0131 kazand\u0131rd\u0131"},"content":{"rendered":"<p>Milli eskrimci Enver Y\u0131ld\u0131r\u0131m, Bulgaristan&#8217;da d\u00fczenlenen B\u00fcy\u00fckler Avrupa Eskrim \u015eampiyonas\u0131&#8217;nda k\u0131l\u0131\u00e7 kategorisinde bronz madalyan\u0131n sahibi oldu. Y\u0131ld\u0131r\u0131m, T\u00fcrk eskrim tarihinde b\u00fcy\u00fcklerde ilk Avrupa madalyas\u0131n\u0131 kazanan isim oldu.<\/p>\n","protected":false},"excerpt":{"rendered":"<p>Milli eskrimci Enver Y\u0131ld\u0131r\u0131m, Bulgaristan&#8217;da d\u00fczenlenen B\u00fcy\u00fckler Avrupa Eskrim \u015eampiyonas\u0131&#8217;nda k\u0131l\u0131\u00e7 kategorisinde bronz madalyan\u0131n sahibi oldu. Y\u0131ld\u0131r\u0131m, T\u00fcrk eskrim tarihinde b\u00fcy\u00fcklerde ilk Avrupa madalyas\u0131n\u0131 kazanan isim oldu.<\/p>\n","protected":false},"author":1,"featured_media":7435,"comment_status":"","ping_status":"","sticky":false,"template":"","format":"standard","meta":[],"categories":[1],"tags":[],"_links":{"self":[{"href":"https:\/\/kraios.app\/news\/wp-json\/wp\/v2\/posts\/7434"}],"collection":[{"href":"https:\/\/kraios.app\/news\/wp-json\/wp\/v2\/posts"}],"about":[{"href":"https:\/\/kraios.app\/news\/wp-json\/wp\/v2\/types\/post"}],"author":[{"embeddable":true,"href":"https:\/\/kraios.app\/news\/wp-json\/wp\/v2\/users\/1"}],"replies":[{"embeddable":true,"href":"https:\/\/kraios.app\/news\/wp-json\/wp\/v2\/comments?post=7434"}],"version-history":[{"count":0,"href":"https:\/\/kraios.app\/news\/wp-json\/wp\/v2\/posts\/7434\/revisions"}],"wp:featuredmedia":[{"embeddable":true,"href":"https:\/\/kraios.app\/news\/wp-json\/wp\/v2\/media\/7435"}],"wp:attachment":[{"href":"https:\/\/kraios.app\/news\/wp-json\/wp\/v2\/media?parent=7434"}],"wp:term":[{"taxonomy":"category","embeddable":true,"href":"https:\/\/kraios.app\/news\/wp-json\/wp\/v2\/categories?post=7434"},{"taxonomy":"post_tag","embeddable":true,"href":"https:\/\/kraios.app\/news\/wp-json\/wp\/v2\/tags?post=7434"}],"curies":[{"name":"wp","href":"https:\/\/api.w.org\/{rel}","templated":true}]}}