{"id":7389,"date":"2023-06-16T21:20:04","date_gmt":"2023-06-16T21:20:04","guid":{"rendered":"https:\/\/kraios.app\/news\/gundem\/2023\/06\/16\/cumhurbaskani-yardimcisi-yilmaz-kktcyi-ziyaret-edecek\/"},"modified":"2023-06-16T21:20:04","modified_gmt":"2023-06-16T21:20:04","slug":"cumhurbaskani-yardimcisi-yilmaz-kktcyi-ziyaret-edecek","status":"publish","type":"post","link":"https:\/\/kraios.app\/news\/gundem\/2023\/06\/16\/cumhurbaskani-yardimcisi-yilmaz-kktcyi-ziyaret-edecek\/","title":{"rendered":"Cumhurba\u015fkan\u0131 Yard\u0131mc\u0131s\u0131 Y\u0131lmaz, KKTC&#039;yi ziyaret edecek"},"content":{"rendered":"<p>Cumhurba\u015fkan\u0131 Yard\u0131mc\u0131s\u0131 Cevdet Y\u0131lmaz, ilk yurt d\u0131\u015f\u0131 ziyaretini 18-19 Haziran&#8217;da Kuzey K\u0131br\u0131s T\u00fcrk Cumhuriyeti&#8217;ne (KKTC) yapacak.<\/p>\n","protected":false},"excerpt":{"rendered":"<p>Cumhurba\u015fkan\u0131 Yard\u0131mc\u0131s\u0131 Cevdet Y\u0131lmaz, ilk yurt d\u0131\u015f\u0131 ziyaretini 18-19 Haziran&#8217;da Kuzey K\u0131br\u0131s T\u00fcrk Cumhuriyeti&#8217;ne (KKTC) yapacak.<\/p>\n","protected":false},"author":1,"featured_media":7390,"comment_status":"","ping_status":"","sticky":false,"template":"","format":"standard","meta":[],"categories":[1],"tags":[],"_links":{"self":[{"href":"https:\/\/kraios.app\/news\/wp-json\/wp\/v2\/posts\/7389"}],"collection":[{"href":"https:\/\/kraios.app\/news\/wp-json\/wp\/v2\/posts"}],"about":[{"href":"https:\/\/kraios.app\/news\/wp-json\/wp\/v2\/types\/post"}],"author":[{"embeddable":true,"href":"https:\/\/kraios.app\/news\/wp-json\/wp\/v2\/users\/1"}],"replies":[{"embeddable":true,"href":"https:\/\/kraios.app\/news\/wp-json\/wp\/v2\/comments?post=7389"}],"version-history":[{"count":0,"href":"https:\/\/kraios.app\/news\/wp-json\/wp\/v2\/posts\/7389\/revisions"}],"wp:featuredmedia":[{"embeddable":true,"href":"https:\/\/kraios.app\/news\/wp-json\/wp\/v2\/media\/7390"}],"wp:attachment":[{"href":"https:\/\/kraios.app\/news\/wp-json\/wp\/v2\/media?parent=7389"}],"wp:term":[{"taxonomy":"category","embeddable":true,"href":"https:\/\/kraios.app\/news\/wp-json\/wp\/v2\/categories?post=7389"},{"taxonomy":"post_tag","embeddable":true,"href":"https:\/\/kraios.app\/news\/wp-json\/wp\/v2\/tags?post=7389"}],"curies":[{"name":"wp","href":"https:\/\/api.w.org\/{rel}","templated":true}]}}