{"id":7375,"date":"2023-06-16T17:02:16","date_gmt":"2023-06-16T17:02:16","guid":{"rendered":"https:\/\/kraios.app\/news\/gundem\/2023\/06\/16\/ukraynada-leopard-tanklari-yaniyor-f-16lar-da-yanacak\/"},"modified":"2023-06-16T17:02:16","modified_gmt":"2023-06-16T17:02:16","slug":"ukraynada-leopard-tanklari-yaniyor-f-16lar-da-yanacak","status":"publish","type":"post","link":"https:\/\/kraios.app\/news\/gundem\/2023\/06\/16\/ukraynada-leopard-tanklari-yaniyor-f-16lar-da-yanacak\/","title":{"rendered":"(Ukrayna&#8217;da) Leopard tanklar\u0131 yan\u0131yor, F-16&#8217;lar da yanacak"},"content":{"rendered":"<p><\/p>\n<div>\n<p>Putin, Cezayir Cumhurba\u015fkan\u0131 Abd\u00fclmecid Tebbun ile St. Petersburg Uluslararas\u0131 Ekonomi Forumu&#8217;nun ana oturumunda, The National Interest dergisi k\u00f6\u015fe yazar\u0131 Dmitriy Simes&#8217;\u0131n sorular\u0131n\u0131 yan\u0131tlad\u0131.<\/p>\n<p>Ukrayna&#8217;n\u0131n kar\u015f\u0131 sald\u0131r\u0131ya ge\u00e7tikten sonra 186 tank kaybetti\u011fini belirten Putin, &#8220;Ukrayna ordusu sald\u0131r\u0131ya ge\u00e7tikleri baz\u0131 b\u00f6lgelerde savunmam\u0131z\u0131n ilk hatt\u0131na ula\u015fabildiler, baz\u0131lar\u0131nda bunu ba\u015faramad\u0131lar. Burada as\u0131l konu stratejik rezervlerini kullan\u0131yor olmalar\u0131 ancak hi\u00e7bir b\u00f6lgede hedeflerine ula\u015famad\u0131lar.&#8221; diye konu\u015ftu.<\/p>\n<p>Putin, Ukrayna&#8217;n\u0131n yak\u0131nda kendi askeri ekipmanlar\u0131n\u0131 kullanmayaca\u011f\u0131n\u0131 belirterek, &#8220;Geriye hi\u00e7 ekipmanlar\u0131 kalmayacak ve kulland\u0131klar\u0131 her \u015fey yurt d\u0131\u015f\u0131ndan gelecek. Bu \u015fekilde \u00e7ok uzun s\u00fcre sava\u015famazs\u0131n\u0131z.&#8221; g\u00f6r\u00fc\u015f\u00fcn\u00fc dile getirdi.<\/p>\n<p>Rus savunma sanayisinde ise \u00fcretimin artt\u0131\u011f\u0131na i\u015faret eden Putin, &#8220;Ge\u00e7en y\u0131l boyunca askeri \u00fcr\u00fcnlerin \u00fcretimini 2,7 kat art\u0131rd\u0131k ve daha da artmaya devam ediyor. Baz\u0131 i\u015fletmeler gece g\u00fcnd\u00fcz \u00e7al\u0131\u015f\u0131yor.&#8221; ifadelerini kulland\u0131.<\/p>\n<h3>Oturumda Yahudi soyk\u0131r\u0131m\u0131na ili\u015fkin video g\u00f6sterildi<\/h3>\n<p>Putin, NATO&#8217;nun silah sevkiyatlar\u0131yla Ukrayna&#8217;daki sava\u015fa giderek daha fazla m\u00fcdahil oldu\u011funu dile getirerek, &#8220;NATO tabii ki Ukrayna&#8217;daki sava\u015fa dahil oluyor. Askeri te\u00e7hizat sevkiyatlar\u0131 geliyor, \u015fimdi u\u00e7ak sevkiyat\u0131 se\u00e7ene\u011fi d\u00fc\u015f\u00fcn\u00fcl\u00fcyor. (Ukrayna&#8217;da) Leopard tanklar\u0131 yan\u0131yor, F-16&#8217;lar da Leopardlar gibi yanacak, buna hi\u00e7 \u015f\u00fcphe yok.&#8221; g\u00f6r\u00fc\u015f\u00fcn\u00fc payla\u015ft\u0131.<\/p>\n<p>Ukrayna i\u00e7in F-16&#8217;lar\u0131n ba\u015fka \u00fclkelerde konu\u015fland\u0131r\u0131lmas\u0131 halinde buna da yan\u0131t vereceklerini belirten Putin, &#8220;(F-16) Kiev i\u00e7in Ukrayna d\u0131\u015f\u0131ndaki hava \u00fcslerinde konu\u015fland\u0131r\u0131lacak ve sava\u015f operasyonlar\u0131nda kullan\u0131lacaksa, onlar\u0131 nas\u0131l ve nerede vuraca\u011f\u0131m\u0131z\u0131 g\u00f6rece\u011fiz.&#8221; dedi.<\/p>\n<p>Rusya&#8217;n\u0131n Belarus&#8217;a taktik n\u00fckleer sevkiyatla ilgili \u00e7al\u0131\u015fmada ilk k\u0131sm\u0131n tamamlad\u0131\u011f\u0131n\u0131 anlatan Putin, &#8220;Rusya&#8217;n\u0131n n\u00fckleer silah kullanmas\u0131na gerek yok ancak teorik olarak devletin toprak b\u00fct\u00fcnl\u00fc\u011f\u00fc ve ba\u011f\u0131ms\u0131zl\u0131\u011f\u0131 tehdit edildi\u011finde buna izin verilebilir.&#8221; de\u011ferlendirmesinde bulundu. <\/p>\n<p>Putin, Rusya&#8217;n\u0131n NATO \u00fclkelerinden daha fazla n\u00fckleer silaha sahip oldu\u011funu kaydederek, &#8220;Bunu biliyorlar ve silahlar\u0131 azaltmak i\u00e7in m\u00fczakerelere ba\u015flamam\u0131z\u0131 s\u00f6yleyip duruyorlar.&#8221; diye konu\u015ftu.<\/p>\n<p>Moderat\u00f6r Simes&#8217;\u0131n, &#8220;Ukrayna y\u00f6netiminde Naziler var.&#8221; s\u00f6yleminin Bat\u0131l\u0131 y\u00f6neticileri rahats\u0131z etmesine ve Ukrayna Devlet Ba\u015fkan\u0131 Volodimir Zelenskiy&#8217;nin Yahudi olmas\u0131 hakk\u0131nda nas\u0131l hissetti\u011fine y\u00f6nelik soruyu Putin, &#8220;\u00c7ocuklu\u011fumdan bu yana Yahudi arkada\u015flar\u0131m var. Onlar Zelenskiy&#8217;nin Yahudi olmad\u0131\u011f\u0131n\u0131 s\u00f6yl\u00fcyorlar. Zelenskiy Yahudilerin y\u00fcz karas\u0131.&#8221; diye yan\u0131tlad\u0131.<\/p>\n<p>Putin, oturumda Ukrayna&#8217;daki Babi Yar ve Volinya&#8217;daki Yahudi soyk\u0131r\u0131m\u0131yla ilgili video g\u00f6sterdi.<\/p>\n<h3>Putin, Rus ekonomisiyle ilgili iyimser<\/h3>\n<p>Rus ekonomisindeki g\u00f6stergelerin giderek daha fazla olumlu hale geldi\u011fini anlatan Putin, \u015funlar\u0131 aktard\u0131:<\/p>\n<p>&#8220;Ekonomik b\u00fcy\u00fcmenin bu y\u0131l y\u00fczde 1,5 kadar, hatta y\u00fczde 2&#8217;nin biraz alt\u0131nda olaca\u011f\u0131n\u0131 d\u00fc\u015f\u00fcnen uzmanlarla ayn\u0131 fikirdeyim. \u00dclkemiz, d\u00fcnyan\u0131n \u00f6nde gelen ekonomileri aras\u0131ndaki yerini korumaktad\u0131r.&#8221;<\/p>\n<p>Putin, Rusya&#8217;n\u0131n petrol ve do\u011fal gaz d\u0131\u015f\u0131 gelirlerini de art\u0131rd\u0131\u011f\u0131na i\u015faret ederek, &#8220;Bu y\u0131l\u0131n ilk 5 ay\u0131nda petrol ve do\u011fal gaz d\u0131\u015f\u0131 gelirlerimiz y\u00fczde 9,1 beklenenin olduk\u00e7a \u00fczerinde b\u00fcy\u00fcd\u00fc.&#8221; ifadesini kulland\u0131.<\/p>\n<p>Petrol \u0130hra\u00e7 Eden \u00dclkeler \u00d6rg\u00fct\u00fc (OPEC) ve OPEC d\u0131\u015f\u0131 baz\u0131 \u00fcretici \u00fclkelerden olu\u015fan OPEC+ grubunca al\u0131nan petrol \u00fcretimi k\u0131s\u0131nt\u0131s\u0131 karar\u0131n\u0131n siyasi olmad\u0131\u011f\u0131n\u0131 savunan Putin, &#8220;OPEC+ i\u00e7inde \u00fcretimi k\u0131smaya y\u00f6nelik t\u00fcm kararlar apolitik niteliktedir. Ne Rusya&#8217;n\u0131n \u00f6zel askeri operasyonuyla ne de ba\u015fka herhangi bir f\u0131rsat\u00e7\u0131 d\u00fc\u015f\u00fcnceyle ba\u011flant\u0131l\u0131 de\u011fildir.&#8221; \u015feklinde konu\u015ftu.<\/p>\n<p>                            <span class=\"detay-foto-editor\">&#13;<br \/>\n                                <a href=\"https:\/\/www.aa.com.tr\/tr\/p\/abonelik-talep-formu\/1001\" target=\"_blank\" style=\"font-size:12px; color:#444; text-decoration:none;\" rel=\"noopener\">&#13;<br \/>\n                                    Anadolu Ajans\u0131 web sitesinde, AA Haber Ak\u0131\u015f Sistemi (HAS) \u00fczerinden abonelere sunulan haberler, \u00f6zetlenerek yay\u0131mlanmaktad\u0131r. <b style=\"color:#1897F7\">Abonelik i\u00e7in l\u00fctfen ileti\u015fime ge\u00e7iniz.<\/b>&#13;<br \/>\n                                <\/a>&#13;<br \/>\n                            <\/span>\n                        <\/div>\n<p><script>\n\t  window.fbAsyncInit = function() {\n\t\tFB.init({\n\t\t  appId: '1855843514662870',\n\t\t  status : true, \/\/ check login status\n\t\t  cookie : true, \/\/ enable cookies to allow the server to access the session\n\t\t  xfbml  : true  \/\/ parse XFBML\n\t\t});\n\t  };<\/p>\n<p>\t  (function() {\n\t\tvar e = document.createElement('script');\n\t\te.src=\"https:\/\/connect.facebook.net\/tr_TR\/all.js\";\n\t\te.async = true;\n\t\tdocument.getElementById('fb-root').appendChild(e);\n\t  }());\n    <\/script><\/p>\n","protected":false},"excerpt":{"rendered":"<p>Putin, Cezayir Cumhurba\u015fkan\u0131 Abd\u00fclmecid Tebbun ile St. Petersburg Uluslararas\u0131 Ekonomi Forumu&#8217;nun ana oturumunda, The National Interest dergisi k\u00f6\u015fe yazar\u0131 Dmitriy Simes&#8217;\u0131n sorular\u0131n\u0131 yan\u0131tlad\u0131. Ukrayna&#8217;n\u0131n kar\u015f\u0131 sald\u0131r\u0131ya ge\u00e7tikten sonra 186 tank kaybetti\u011fini belirten Putin, &#8220;Ukrayna ordusu sald\u0131r\u0131ya ge\u00e7tikleri baz\u0131 b\u00f6lgelerde savunmam\u0131z\u0131n ilk hatt\u0131na ula\u015fabildiler, baz\u0131lar\u0131nda bunu ba\u015faramad\u0131lar. Burada as\u0131l konu stratejik rezervlerini kullan\u0131yor olmalar\u0131 ancak hi\u00e7bir [&hellip;]<\/p>\n","protected":false},"author":1,"featured_media":7376,"comment_status":"","ping_status":"","sticky":false,"template":"","format":"standard","meta":[],"categories":[1],"tags":[],"_links":{"self":[{"href":"https:\/\/kraios.app\/news\/wp-json\/wp\/v2\/posts\/7375"}],"collection":[{"href":"https:\/\/kraios.app\/news\/wp-json\/wp\/v2\/posts"}],"about":[{"href":"https:\/\/kraios.app\/news\/wp-json\/wp\/v2\/types\/post"}],"author":[{"embeddable":true,"href":"https:\/\/kraios.app\/news\/wp-json\/wp\/v2\/users\/1"}],"replies":[{"embeddable":true,"href":"https:\/\/kraios.app\/news\/wp-json\/wp\/v2\/comments?post=7375"}],"version-history":[{"count":0,"href":"https:\/\/kraios.app\/news\/wp-json\/wp\/v2\/posts\/7375\/revisions"}],"wp:featuredmedia":[{"embeddable":true,"href":"https:\/\/kraios.app\/news\/wp-json\/wp\/v2\/media\/7376"}],"wp:attachment":[{"href":"https:\/\/kraios.app\/news\/wp-json\/wp\/v2\/media?parent=7375"}],"wp:term":[{"taxonomy":"category","embeddable":true,"href":"https:\/\/kraios.app\/news\/wp-json\/wp\/v2\/categories?post=7375"},{"taxonomy":"post_tag","embeddable":true,"href":"https:\/\/kraios.app\/news\/wp-json\/wp\/v2\/tags?post=7375"}],"curies":[{"name":"wp","href":"https:\/\/api.w.org\/{rel}","templated":true}]}}