{"id":7264,"date":"2023-06-14T19:24:16","date_gmt":"2023-06-14T19:24:16","guid":{"rendered":"https:\/\/kraios.app\/news\/gundem\/2023\/06\/14\/bayraktar-akincinin-hassas-gudum-kiti-ile-yaptigi-test-atisi-basariyla-tamamlandi\/"},"modified":"2023-06-14T19:24:16","modified_gmt":"2023-06-14T19:24:16","slug":"bayraktar-akincinin-hassas-gudum-kiti-ile-yaptigi-test-atisi-basariyla-tamamlandi","status":"publish","type":"post","link":"https:\/\/kraios.app\/news\/gundem\/2023\/06\/14\/bayraktar-akincinin-hassas-gudum-kiti-ile-yaptigi-test-atisi-basariyla-tamamlandi\/","title":{"rendered":"Bayraktar AKINCI\u2019n\u0131n Hassas G\u00fcd\u00fcm Kiti ile yapt\u0131\u011f\u0131 test at\u0131\u015f\u0131 ba\u015far\u0131yla tamamland\u0131"},"content":{"rendered":"<p><\/p>\n<div>\n<p>Baykar&#8217;dan yap\u0131lan a\u00e7\u0131klamaya g\u00f6re, Savunma Sanayii Ba\u015fkanl\u0131\u011f\u0131 liderli\u011finde y\u00fcr\u00fct\u00fclen Bayraktar AKINCI Projesi kapsam\u0131nda Baykar taraf\u0131ndan milli ve \u00f6zg\u00fcn olarak geli\u015ftirilen Bayraktar AKINCI T\u0130HA\u2019ya yerli olarak \u00fcretilen yeni m\u00fchimmat ve sistemlerin entegrasyonu ba\u015far\u0131yla s\u00fcr\u00fcyor.<\/p>\n<p>T\u00dcB\u0130TAK SAGE taraf\u0131ndan milli olarak geli\u015ftirilen Hassas G\u00fcd\u00fcm Kiti (HGK) ile ger\u00e7ekle\u015ftirilen test at\u0131\u015f\u0131 da ba\u015far\u0131yla tamamland\u0131. Tekirda\u011f\u2019\u0131n \u00c7orlu il\u00e7esindeki AKINCI U\u00e7u\u015f E\u011fitim ve Test Merkezi\u2019nden HGK ile g\u00fcd\u00fcml\u00fc hale getirilen MK-82 m\u00fchimmat\u0131yla havalanan Bayraktar AKINCI, at\u0131\u015f testi icra etmek \u00fczere belirlenen noktaya yol ald\u0131. Bayraktar AKINCI\u2019n\u0131n ate\u015fledi\u011fi HGK-82, belirlenen hedefi ba\u015far\u0131yla vurdu.<\/p>\n<p>Bayraktar AKINCI T\u0130HA, yeni m\u00fchimmat ve sistemlerin entegrasyonu kapsam\u0131nda ilk kez HGK-82 m\u00fchimmat\u0131yla test at\u0131\u015f\u0131 icra etti. B\u00f6ylece HGK m\u00fchimmat\u0131 ilk kez bir insans\u0131z hava arac\u0131ndan at\u0131ld\u0131. Kulland\u0131\u011f\u0131 m\u00fchimmatlara bir yenisi daha eklenen Bayraktar AKINCI\u2019n\u0131n cayd\u0131r\u0131c\u0131l\u0131\u011f\u0131 artt\u0131.<\/p>\n<h3>Havac\u0131l\u0131k tarihinde bir ilk<\/h3>\n<p>Bayraktar AKINCI ve Bayraktar KIZILELMA\u2019n\u0131n ilk kez 24 Nisan&#8217;da \u00c7orlu\u2019da yap\u0131lan testte ger\u00e7ekle\u015ftirdi\u011fi ve d\u00fcnya havac\u0131l\u0131k tarihinde bir ilk olan yak\u0131n kol u\u00e7u\u015funun ard\u0131ndan TEKNOFEST 2023\u2019te ise yeni bir ilke imza at\u0131ld\u0131. \u0130stanbul semalar\u0131nda taarruzi insans\u0131z hava arac\u0131 AKINCI ile insans\u0131z sava\u015f u\u00e7a\u011f\u0131 KIZILELMA ayn\u0131 u\u00e7u\u015fu bir\u00e7ok kez halka a\u00e7\u0131k olarak icra etti.<\/p>\n<p>Baykar, rekabete dayal\u0131 bir s\u00fcre\u00e7 sonucunda Amerika, Avrupa ve \u00c7inli rakiplerini geride b\u0131rakarak Kuveyt Savunma Bakanl\u0131\u011f\u0131 ile imzalad\u0131\u011f\u0131 anla\u015fmayla birlikte 2023 y\u0131l\u0131na 370 milyon dolarl\u0131k Bayraktar TB2 i\u00e7in yap\u0131lan ihracat s\u00f6zle\u015fmesiyle ba\u015flad\u0131. Romanya\u2019ya ger\u00e7ekle\u015ftirilen ihracatla birlikte Bayraktar TB2 S\u0130HA\u2019lar, NATO \u00fcyesi 4 \u00fclke, AB \u00fcyesi 2 \u00fclkenin envanterine girdi.<\/p>\n<p>Ba\u015flang\u0131\u00e7tan bug\u00fcne t\u00fcm projelerini \u00f6z kaynaklar\u0131 ile y\u00fcr\u00fcten Baykar, 2003 y\u0131l\u0131nda \u0130HA Ar-Ge s\u00fcrecinin ba\u015flang\u0131c\u0131ndan itibaren t\u00fcm gelirlerinin y\u00fczde 75&#8217;ini ihracattan elde etti. 2021&#8217;de T\u00fcrkiye \u0130hracat\u00e7\u0131lar Meclisi (T\u0130M) verilerine g\u00f6re savunma ve havac\u0131l\u0131k sekt\u00f6r\u00fcn\u00fcn ihracat lideri oldu. 2022\u2019de imzalanan s\u00f6zle\u015fmelerde ihracat oran\u0131 y\u00fczde 99,3 olan Baykar, 1,18 milyar dolarl\u0131k ihracat yapt\u0131. Savunma ve havac\u0131l\u0131k sekt\u00f6r\u00fcn\u00fcn en \u00e7ok ihracat ger\u00e7ekle\u015ftiren firmas\u0131 olan Baykar\u2019\u0131n 2022 cirosu 1,4 milyar dolara ula\u015ft\u0131. Bayraktar TB2 S\u0130HA i\u00e7in \u015fu ana kadar 30 \u00fclkeyle, Bayraktar AKINCI T\u0130HA i\u00e7in ise 6 \u00fclkeyle ihracat anla\u015fmas\u0131 imzaland\u0131.<\/p>\n<blockquote class=\"twitter-tweet\">\n<p dir=\"ltr\" lang=\"tr\">Bayraktar <a href=\"https:\/\/twitter.com\/hashtag\/AKINCI?src=hash&amp;ref_src=twsrc%5Etfw\">#AKINCI<\/a> &#x2708;&#xfe0f;&#x1f433;&#x1f680;<\/p>\n<p>HGK-82 At\u0131\u015f Testi<\/p>\n<p>&#x1f3af; Tam \u0130sabet-Bull\u2019s Eye<\/p>\n<p>&#x1f4cd; Tekirda\u011f \/ \u00c7orlu <a href=\"https:\/\/twitter.com\/hashtag\/BAYKAR?src=hash&amp;ref_src=twsrc%5Etfw\">#BAYKAR<\/a> &#x1f91d; <a href=\"https:\/\/twitter.com\/SageTubitak?ref_src=twsrc%5Etfw\">@SageTubitak<\/a><\/p>\n<p>HGK-82 Firing Test <a href=\"https:\/\/t.co\/7VitfsYP5x\">pic.twitter.com\/7VitfsYP5x<\/a><\/p>\n<p>\u2014 BAYKAR (@BaykarTech) <a href=\"https:\/\/twitter.com\/BaykarTech\/status\/1669051730992979972?ref_src=twsrc%5Etfw\">June 14, 2023<\/a><\/p><\/blockquote>\n<p>                            <span class=\"detay-foto-editor\">&#13;<br \/>\n                                <a href=\"https:\/\/www.aa.com.tr\/tr\/p\/abonelik-talep-formu\/1001\" target=\"_blank\" style=\"font-size:12px; color:#444; text-decoration:none;\" rel=\"noopener\">&#13;<br \/>\n                                    Anadolu Ajans\u0131 web sitesinde, AA Haber Ak\u0131\u015f Sistemi (HAS) \u00fczerinden abonelere sunulan haberler, \u00f6zetlenerek yay\u0131mlanmaktad\u0131r. <b style=\"color:#1897F7\">Abonelik i\u00e7in l\u00fctfen ileti\u015fime ge\u00e7iniz.<\/b>&#13;<br \/>\n                                <\/a>&#13;<br \/>\n                            <\/span>\n                        <\/div>\n<p><script async src=\"\/\/platform.twitter.com\/widgets.js\" charset=\"utf-8\"><\/script><script>\n\t  window.fbAsyncInit = function() {\n\t\tFB.init({\n\t\t  appId: '1855843514662870',\n\t\t  status : true, \/\/ check login status\n\t\t  cookie : true, \/\/ enable cookies to allow the server to access the session\n\t\t  xfbml  : true  \/\/ parse XFBML\n\t\t});\n\t  };<\/p>\n<p>\t  (function() {\n\t\tvar e = document.createElement('script');\n\t\te.src=\"https:\/\/connect.facebook.net\/tr_TR\/all.js\";\n\t\te.async = true;\n\t\tdocument.getElementById('fb-root').appendChild(e);\n\t  }());\n    <\/script><\/p>\n","protected":false},"excerpt":{"rendered":"<p>Baykar&#8217;dan yap\u0131lan a\u00e7\u0131klamaya g\u00f6re, Savunma Sanayii Ba\u015fkanl\u0131\u011f\u0131 liderli\u011finde y\u00fcr\u00fct\u00fclen Bayraktar AKINCI Projesi kapsam\u0131nda Baykar taraf\u0131ndan milli ve \u00f6zg\u00fcn olarak geli\u015ftirilen Bayraktar AKINCI T\u0130HA\u2019ya yerli olarak \u00fcretilen yeni m\u00fchimmat ve sistemlerin entegrasyonu ba\u015far\u0131yla s\u00fcr\u00fcyor. T\u00dcB\u0130TAK SAGE taraf\u0131ndan milli olarak geli\u015ftirilen Hassas G\u00fcd\u00fcm Kiti (HGK) ile ger\u00e7ekle\u015ftirilen test at\u0131\u015f\u0131 da ba\u015far\u0131yla tamamland\u0131. Tekirda\u011f\u2019\u0131n \u00c7orlu il\u00e7esindeki AKINCI U\u00e7u\u015f [&hellip;]<\/p>\n","protected":false},"author":1,"featured_media":7265,"comment_status":"","ping_status":"","sticky":false,"template":"","format":"standard","meta":[],"categories":[1],"tags":[],"_links":{"self":[{"href":"https:\/\/kraios.app\/news\/wp-json\/wp\/v2\/posts\/7264"}],"collection":[{"href":"https:\/\/kraios.app\/news\/wp-json\/wp\/v2\/posts"}],"about":[{"href":"https:\/\/kraios.app\/news\/wp-json\/wp\/v2\/types\/post"}],"author":[{"embeddable":true,"href":"https:\/\/kraios.app\/news\/wp-json\/wp\/v2\/users\/1"}],"replies":[{"embeddable":true,"href":"https:\/\/kraios.app\/news\/wp-json\/wp\/v2\/comments?post=7264"}],"version-history":[{"count":0,"href":"https:\/\/kraios.app\/news\/wp-json\/wp\/v2\/posts\/7264\/revisions"}],"wp:featuredmedia":[{"embeddable":true,"href":"https:\/\/kraios.app\/news\/wp-json\/wp\/v2\/media\/7265"}],"wp:attachment":[{"href":"https:\/\/kraios.app\/news\/wp-json\/wp\/v2\/media?parent=7264"}],"wp:term":[{"taxonomy":"category","embeddable":true,"href":"https:\/\/kraios.app\/news\/wp-json\/wp\/v2\/categories?post=7264"},{"taxonomy":"post_tag","embeddable":true,"href":"https:\/\/kraios.app\/news\/wp-json\/wp\/v2\/tags?post=7264"}],"curies":[{"name":"wp","href":"https:\/\/api.w.org\/{rel}","templated":true}]}}