{"id":7236,"date":"2023-06-14T11:27:58","date_gmt":"2023-06-14T11:27:58","guid":{"rendered":"https:\/\/kraios.app\/news\/gundem\/2023\/06\/14\/cocuklara-ozel-yaz-senligi-17-haziranda-akmde-baslayacak\/"},"modified":"2023-06-14T11:27:58","modified_gmt":"2023-06-14T11:27:58","slug":"cocuklara-ozel-yaz-senligi-17-haziranda-akmde-baslayacak","status":"publish","type":"post","link":"https:\/\/kraios.app\/news\/gundem\/2023\/06\/14\/cocuklara-ozel-yaz-senligi-17-haziranda-akmde-baslayacak\/","title":{"rendered":"\u00c7ocuklara \u00f6zel &quot;Yaz \u015eenli\u011fi&quot; 17 Haziran&#039;da AKM&#039;de ba\u015flayacak"},"content":{"rendered":"<p>\u00c7ocuklar\u0131n sosyal ve sanatsal etkinliklerle bulu\u015ftu\u011fu Atat\u00fcrk K\u00fclt\u00fcr Merkezi (AKM) \u00c7ocuk Sanat Merkezinde, 17 Haziran&#8217;da &#8220;Yaz \u015eenli\u011fi&#8221; ba\u015flayacak.<\/p>\n","protected":false},"excerpt":{"rendered":"<p>\u00c7ocuklar\u0131n sosyal ve sanatsal etkinliklerle bulu\u015ftu\u011fu Atat\u00fcrk K\u00fclt\u00fcr Merkezi (AKM) \u00c7ocuk Sanat Merkezinde, 17 Haziran&#8217;da &#8220;Yaz \u015eenli\u011fi&#8221; ba\u015flayacak.<\/p>\n","protected":false},"author":1,"featured_media":7237,"comment_status":"","ping_status":"","sticky":false,"template":"","format":"standard","meta":[],"categories":[1],"tags":[],"_links":{"self":[{"href":"https:\/\/kraios.app\/news\/wp-json\/wp\/v2\/posts\/7236"}],"collection":[{"href":"https:\/\/kraios.app\/news\/wp-json\/wp\/v2\/posts"}],"about":[{"href":"https:\/\/kraios.app\/news\/wp-json\/wp\/v2\/types\/post"}],"author":[{"embeddable":true,"href":"https:\/\/kraios.app\/news\/wp-json\/wp\/v2\/users\/1"}],"replies":[{"embeddable":true,"href":"https:\/\/kraios.app\/news\/wp-json\/wp\/v2\/comments?post=7236"}],"version-history":[{"count":0,"href":"https:\/\/kraios.app\/news\/wp-json\/wp\/v2\/posts\/7236\/revisions"}],"wp:featuredmedia":[{"embeddable":true,"href":"https:\/\/kraios.app\/news\/wp-json\/wp\/v2\/media\/7237"}],"wp:attachment":[{"href":"https:\/\/kraios.app\/news\/wp-json\/wp\/v2\/media?parent=7236"}],"wp:term":[{"taxonomy":"category","embeddable":true,"href":"https:\/\/kraios.app\/news\/wp-json\/wp\/v2\/categories?post=7236"},{"taxonomy":"post_tag","embeddable":true,"href":"https:\/\/kraios.app\/news\/wp-json\/wp\/v2\/tags?post=7236"}],"curies":[{"name":"wp","href":"https:\/\/api.w.org\/{rel}","templated":true}]}}