{"id":7222,"date":"2023-06-14T07:20:04","date_gmt":"2023-06-14T07:20:04","guid":{"rendered":"https:\/\/kraios.app\/news\/gundem\/2023\/06\/14\/trump-yeniden-secilmesi-halinde-bidenin-suclarinin-pesini-birakmayacagini-soyledi\/"},"modified":"2023-06-14T07:20:04","modified_gmt":"2023-06-14T07:20:04","slug":"trump-yeniden-secilmesi-halinde-bidenin-suclarinin-pesini-birakmayacagini-soyledi","status":"publish","type":"post","link":"https:\/\/kraios.app\/news\/gundem\/2023\/06\/14\/trump-yeniden-secilmesi-halinde-bidenin-suclarinin-pesini-birakmayacagini-soyledi\/","title":{"rendered":"Trump, yeniden se\u00e7ilmesi halinde &#8220;Biden&#8217;\u0131n su\u00e7lar\u0131n\u0131n&#8221; pe\u015fini b\u0131rakmayaca\u011f\u0131n\u0131 s\u00f6yledi"},"content":{"rendered":"<p><\/p>\n<div>\n<p>Trump, devlete ait gizli belgeleri saklad\u0131\u011f\u0131na y\u00f6nelik su\u00e7lamalara ili\u015fkin Miami&#8217;de hakim kar\u015f\u0131s\u0131na \u00e7\u0131kmas\u0131n\u0131n ard\u0131ndan New Jersey&#8217;de taraftarlar\u0131yla bir araya geldi.<\/p>\n<p>ABD&#8217;de 2024&#8217;te d\u00fczenlenecek ba\u015fkanl\u0131k se\u00e7imlerini yeniden kazanmas\u0131 halinde Biden hakk\u0131ndaki su\u00e7 iddialar\u0131n\u0131n pe\u015fini b\u0131rakmayaca\u011f\u0131n\u0131 vurgulayan Trump, &#8220;ABD tarihinin en yozla\u015fm\u0131\u015f ba\u015fkan\u0131 Biden ve ailesi i\u00e7in \u00f6zel bir savc\u0131 atayaca\u011f\u0131m.&#8221; dedi.<\/p>\n<h3>&#8220;Derin devleti tamamen yok edece\u011fim&#8221;<\/h3>\n<p>Trump, konu\u015fmas\u0131nda ayr\u0131ca, \u00fclkenin se\u00e7im ve s\u0131n\u0131r politikalar\u0131n\u0131n alt\u0131n\u0131 oydu\u011funu iddia etti\u011fi ki\u015filerden de hesap soraca\u011f\u0131na i\u015faret ederek, &#8220;Yeniden se\u00e7ildi\u011fimde, yeniden se\u00e7ilece\u011fiz ba\u015fka se\u00e7ene\u011fimiz yok. Derin devleti tamamen yok edece\u011fim.&#8221; ifadesini kulland\u0131.<\/p>\n<p>Eski Ba\u015fkan Trump, hakk\u0131ndaki soru\u015fturmalar\u0131 ise &#8220;\u00fclke tarihinin en i\u011fren\u00e7 ve en k\u00f6t\u00fc tacizi&#8221; olarak niteledi ve bunlar\u0131n &#8220;siyasi motivasyonlu oldu\u011funu&#8221; ileri s\u00fcrd\u00fc.<\/p>\n<p>Hakk\u0131ndaki su\u00e7lamalar\u0131n &#8220;Biden ailesi hakk\u0131ndaki r\u00fc\u015fvet iddialar\u0131ndan&#8221; dikkatleri ba\u015fka y\u00f6ne \u00e7ekme ama\u00e7l\u0131 oldu\u011funu iddia eden Trump, &#8220;Casusluk ve ger\u00e7ek su\u00e7lardan dikkatleri ba\u015fka yerlere \u00e7ekmek istiyorlar. Hadi Trump&#8217;\u0131 su\u00e7layal\u0131m ki 5 milyon dolarl\u0131k r\u00fc\u015fvetten bahsedemesin.&#8221; de\u011ferlendirmesinde bulundu.<\/p>\n<p>Donald Trump, hakk\u0131nda y\u00fcr\u00fct\u00fclen soru\u015fturmaya, \u00f6zel yetkili uzman olarak atanan eski Ba\u015fsavc\u0131 Jack Smith&#8217;e ise &#8220;haydut&#8221; ve &#8220;dengesiz&#8221; diye hitap etti.<\/p>\n<h3>\u0130kinci kez hakim kar\u015f\u0131s\u0131na \u00e7\u0131kan tek ABD Ba\u015fkan\u0131<\/h3>\n<p>Trump, nisanda hakk\u0131ndaki eyalet baz\u0131nda cezai su\u00e7lama i\u00e7in ilk kez New York&#8217;ta hakim kar\u015f\u0131s\u0131na \u00e7\u0131karken, d\u00fcn de federal bazda su\u00e7lamalar nedeniyle &#8220;hakim kar\u015f\u0131s\u0131na ikinci kez \u00e7\u0131kan ilk eski ba\u015fkan&#8221; olarak tarihe ge\u00e7ti.<\/p>\n<p>Ge\u00e7en hafta duyurulan 49 sayfal\u0131k iddianamede, Trump, Beyaz Saray&#8217;daki g\u00f6revinden ayr\u0131l\u0131rken gizli belgeleri yan\u0131nda g\u00f6t\u00fcrmek ve bununla ilgili federal incelemeleri engellemekle su\u00e7lanm\u0131\u015ft\u0131.<\/p>\n<p>Trump, devlete ait gizli belgeleri saklad\u0131\u011f\u0131yla ilgili su\u00e7lamalar\u0131 &#8220;sa\u00e7ma ve as\u0131ls\u0131z&#8221; olarak nitelemi\u015f, &#8220;Hile yap\u0131yorlar. Sahtekarlar, yolsuzlar. Bu su\u00e7lular \u00f6d\u00fcllendirilemez, yenilmeleri gerekiyor.&#8221; ifadesini kullanm\u0131\u015ft\u0131.<\/p>\n<h3>Trump&#8217;\u0131n malikanesinden \u00e7\u0131kan gizli belgeler olay\u0131<\/h3>\n<p>Donald Trump&#8217;\u0131n Florida&#8217;daki evi, 8 A\u011fustos 2022 sabah\u0131nda &#8220;gizli belgeler&#8221; soru\u015fturmas\u0131 i\u00e7in FBI ajanlar\u0131nca bas\u0131larak aranm\u0131\u015ft\u0131.<\/p>\n<p>Bask\u0131n\u0131 ve hakk\u0131nda devam eden soru\u015fturmalar\u0131 &#8220;siyasi&#8221; olarak niteleyen Trump, \u00f6zellikle Mar-a-Lago&#8217;dan al\u0131nan belgelerin &#8220;ba\u011f\u0131ms\u0131z bir hakem veya \u00f6zel bir hakim&#8221; taraf\u0131ndan incelenmesi talebinde bulunmu\u015ftu.<\/p>\n<p>Trump hakk\u0131nda y\u00fcr\u00fct\u00fclen &#8220;gizli belgeler&#8221; ve &#8220;6 Ocak Kongre bask\u0131n\u0131&#8221; soru\u015fturmalar\u0131na, \u00f6zel yetkili uzman olarak atanan eski Ba\u015fsavc\u0131 Jack Smith ba\u015fkanl\u0131k ediyor.<\/p>\n<p>Donald Trump, 4 Nisan&#8217;da, 2016 ba\u015fkanl\u0131k se\u00e7imleri s\u0131ras\u0131nda bir kad\u0131na &#8220;sus pay\u0131&#8221; \u00f6dedi\u011fine ili\u015fkin su\u00e7lamalar kapsam\u0131nda Manhattan Ceza Mahkemesi&#8217;nde hakim kar\u015f\u0131s\u0131na \u00e7\u0131km\u0131\u015f, hakk\u0131ndaki su\u00e7lamalar\u0131 reddetmi\u015fti.<\/p>\n<p>Trump, cezai su\u00e7lama ile hakim kar\u015f\u0131s\u0131na \u00e7\u0131kan ilk eski ABD Ba\u015fkan\u0131 olarak tarihe ge\u00e7mi\u015fti.<\/p>\n<p>                            <span class=\"detay-foto-editor\">&#13;<br \/>\n                                <a href=\"https:\/\/www.aa.com.tr\/tr\/p\/abonelik-talep-formu\/1001\" target=\"_blank\" style=\"font-size:12px; color:#444; text-decoration:none;\" rel=\"noopener\">&#13;<br \/>\n                                    Anadolu Ajans\u0131 web sitesinde, AA Haber Ak\u0131\u015f Sistemi (HAS) \u00fczerinden abonelere sunulan haberler, \u00f6zetlenerek yay\u0131mlanmaktad\u0131r. <b style=\"color:#1897F7\">Abonelik i\u00e7in l\u00fctfen ileti\u015fime ge\u00e7iniz.<\/b>&#13;<br \/>\n                                <\/a>&#13;<br \/>\n                            <\/span>\n                        <\/div>\n<p><script>\n\t  window.fbAsyncInit = function() {\n\t\tFB.init({\n\t\t  appId: '1855843514662870',\n\t\t  status : true, \/\/ check login status\n\t\t  cookie : true, \/\/ enable cookies to allow the server to access the session\n\t\t  xfbml  : true  \/\/ parse XFBML\n\t\t});\n\t  };<\/p>\n<p>\t  (function() {\n\t\tvar e = document.createElement('script');\n\t\te.src=\"https:\/\/connect.facebook.net\/tr_TR\/all.js\";\n\t\te.async = true;\n\t\tdocument.getElementById('fb-root').appendChild(e);\n\t  }());\n    <\/script><\/p>\n","protected":false},"excerpt":{"rendered":"<p>Trump, devlete ait gizli belgeleri saklad\u0131\u011f\u0131na y\u00f6nelik su\u00e7lamalara ili\u015fkin Miami&#8217;de hakim kar\u015f\u0131s\u0131na \u00e7\u0131kmas\u0131n\u0131n ard\u0131ndan New Jersey&#8217;de taraftarlar\u0131yla bir araya geldi. ABD&#8217;de 2024&#8217;te d\u00fczenlenecek ba\u015fkanl\u0131k se\u00e7imlerini yeniden kazanmas\u0131 halinde Biden hakk\u0131ndaki su\u00e7 iddialar\u0131n\u0131n pe\u015fini b\u0131rakmayaca\u011f\u0131n\u0131 vurgulayan Trump, &#8220;ABD tarihinin en yozla\u015fm\u0131\u015f ba\u015fkan\u0131 Biden ve ailesi i\u00e7in \u00f6zel bir savc\u0131 atayaca\u011f\u0131m.&#8221; dedi. &#8220;Derin devleti tamamen yok edece\u011fim&#8221; [&hellip;]<\/p>\n","protected":false},"author":1,"featured_media":7223,"comment_status":"","ping_status":"","sticky":false,"template":"","format":"standard","meta":[],"categories":[1],"tags":[],"_links":{"self":[{"href":"https:\/\/kraios.app\/news\/wp-json\/wp\/v2\/posts\/7222"}],"collection":[{"href":"https:\/\/kraios.app\/news\/wp-json\/wp\/v2\/posts"}],"about":[{"href":"https:\/\/kraios.app\/news\/wp-json\/wp\/v2\/types\/post"}],"author":[{"embeddable":true,"href":"https:\/\/kraios.app\/news\/wp-json\/wp\/v2\/users\/1"}],"replies":[{"embeddable":true,"href":"https:\/\/kraios.app\/news\/wp-json\/wp\/v2\/comments?post=7222"}],"version-history":[{"count":0,"href":"https:\/\/kraios.app\/news\/wp-json\/wp\/v2\/posts\/7222\/revisions"}],"wp:featuredmedia":[{"embeddable":true,"href":"https:\/\/kraios.app\/news\/wp-json\/wp\/v2\/media\/7223"}],"wp:attachment":[{"href":"https:\/\/kraios.app\/news\/wp-json\/wp\/v2\/media?parent=7222"}],"wp:term":[{"taxonomy":"category","embeddable":true,"href":"https:\/\/kraios.app\/news\/wp-json\/wp\/v2\/categories?post=7222"},{"taxonomy":"post_tag","embeddable":true,"href":"https:\/\/kraios.app\/news\/wp-json\/wp\/v2\/tags?post=7222"}],"curies":[{"name":"wp","href":"https:\/\/api.w.org\/{rel}","templated":true}]}}