{"id":7212,"date":"2023-06-14T02:19:43","date_gmt":"2023-06-14T02:19:43","guid":{"rendered":"https:\/\/kraios.app\/news\/gundem\/2023\/06\/14\/israilin-sama-hava-saldirisi-duzenledigi-iddia-edildi\/"},"modified":"2023-06-14T02:19:43","modified_gmt":"2023-06-14T02:19:43","slug":"israilin-sama-hava-saldirisi-duzenledigi-iddia-edildi","status":"publish","type":"post","link":"https:\/\/kraios.app\/news\/gundem\/2023\/06\/14\/israilin-sama-hava-saldirisi-duzenledigi-iddia-edildi\/","title":{"rendered":"\u0130srail&#039;in \u015eam&#039;a hava sald\u0131r\u0131s\u0131 d\u00fczenledi\u011fi iddia edildi"},"content":{"rendered":"<p>\u0130srail&#8217;in, Suriye&#8217;nin ba\u015fkenti \u015eam&#8217;daki baz\u0131 askeri noktalara hava sald\u0131r\u0131s\u0131 ger\u00e7ekle\u015ftirdi\u011fi ileri s\u00fcr\u00fcld\u00fc.<\/p>\n","protected":false},"excerpt":{"rendered":"<p>\u0130srail&#8217;in, Suriye&#8217;nin ba\u015fkenti \u015eam&#8217;daki baz\u0131 askeri noktalara hava sald\u0131r\u0131s\u0131 ger\u00e7ekle\u015ftirdi\u011fi ileri s\u00fcr\u00fcld\u00fc.<\/p>\n","protected":false},"author":1,"featured_media":7213,"comment_status":"","ping_status":"","sticky":false,"template":"","format":"standard","meta":[],"categories":[1],"tags":[],"_links":{"self":[{"href":"https:\/\/kraios.app\/news\/wp-json\/wp\/v2\/posts\/7212"}],"collection":[{"href":"https:\/\/kraios.app\/news\/wp-json\/wp\/v2\/posts"}],"about":[{"href":"https:\/\/kraios.app\/news\/wp-json\/wp\/v2\/types\/post"}],"author":[{"embeddable":true,"href":"https:\/\/kraios.app\/news\/wp-json\/wp\/v2\/users\/1"}],"replies":[{"embeddable":true,"href":"https:\/\/kraios.app\/news\/wp-json\/wp\/v2\/comments?post=7212"}],"version-history":[{"count":0,"href":"https:\/\/kraios.app\/news\/wp-json\/wp\/v2\/posts\/7212\/revisions"}],"wp:featuredmedia":[{"embeddable":true,"href":"https:\/\/kraios.app\/news\/wp-json\/wp\/v2\/media\/7213"}],"wp:attachment":[{"href":"https:\/\/kraios.app\/news\/wp-json\/wp\/v2\/media?parent=7212"}],"wp:term":[{"taxonomy":"category","embeddable":true,"href":"https:\/\/kraios.app\/news\/wp-json\/wp\/v2\/categories?post=7212"},{"taxonomy":"post_tag","embeddable":true,"href":"https:\/\/kraios.app\/news\/wp-json\/wp\/v2\/tags?post=7212"}],"curies":[{"name":"wp","href":"https:\/\/api.w.org\/{rel}","templated":true}]}}