{"id":7196,"date":"2023-06-13T23:07:43","date_gmt":"2023-06-13T23:07:43","guid":{"rendered":"https:\/\/kraios.app\/news\/gundem\/2023\/06\/13\/bm-sudandaki-catismanin-artan-etnik-boyutundan-endise-duyuyor\/"},"modified":"2023-06-13T23:07:43","modified_gmt":"2023-06-13T23:07:43","slug":"bm-sudandaki-catismanin-artan-etnik-boyutundan-endise-duyuyor","status":"publish","type":"post","link":"https:\/\/kraios.app\/news\/gundem\/2023\/06\/13\/bm-sudandaki-catismanin-artan-etnik-boyutundan-endise-duyuyor\/","title":{"rendered":"BM, Sudan&#039;daki \u00e7at\u0131\u015fman\u0131n artan &quot;etnik boyutundan&quot; endi\u015fe duyuyor"},"content":{"rendered":"<p>Birle\u015fmi\u015f Milletler (BM) Genel Sekreteri Antonio Guterres&#8217;in, Sudan&#8217;daki \u00e7at\u0131\u015fman\u0131n artan &#8220;etnik boyutundan&#8221; ciddi endi\u015fe duydu\u011fu bildirildi.<\/p>\n","protected":false},"excerpt":{"rendered":"<p>Birle\u015fmi\u015f Milletler (BM) Genel Sekreteri Antonio Guterres&#8217;in, Sudan&#8217;daki \u00e7at\u0131\u015fman\u0131n artan &#8220;etnik boyutundan&#8221; ciddi endi\u015fe duydu\u011fu bildirildi.<\/p>\n","protected":false},"author":1,"featured_media":7197,"comment_status":"","ping_status":"","sticky":false,"template":"","format":"standard","meta":[],"categories":[1],"tags":[],"_links":{"self":[{"href":"https:\/\/kraios.app\/news\/wp-json\/wp\/v2\/posts\/7196"}],"collection":[{"href":"https:\/\/kraios.app\/news\/wp-json\/wp\/v2\/posts"}],"about":[{"href":"https:\/\/kraios.app\/news\/wp-json\/wp\/v2\/types\/post"}],"author":[{"embeddable":true,"href":"https:\/\/kraios.app\/news\/wp-json\/wp\/v2\/users\/1"}],"replies":[{"embeddable":true,"href":"https:\/\/kraios.app\/news\/wp-json\/wp\/v2\/comments?post=7196"}],"version-history":[{"count":0,"href":"https:\/\/kraios.app\/news\/wp-json\/wp\/v2\/posts\/7196\/revisions"}],"wp:featuredmedia":[{"embeddable":true,"href":"https:\/\/kraios.app\/news\/wp-json\/wp\/v2\/media\/7197"}],"wp:attachment":[{"href":"https:\/\/kraios.app\/news\/wp-json\/wp\/v2\/media?parent=7196"}],"wp:term":[{"taxonomy":"category","embeddable":true,"href":"https:\/\/kraios.app\/news\/wp-json\/wp\/v2\/categories?post=7196"},{"taxonomy":"post_tag","embeddable":true,"href":"https:\/\/kraios.app\/news\/wp-json\/wp\/v2\/tags?post=7196"}],"curies":[{"name":"wp","href":"https:\/\/api.w.org\/{rel}","templated":true}]}}