{"id":7184,"date":"2023-06-13T17:20:05","date_gmt":"2023-06-13T17:20:05","guid":{"rendered":"https:\/\/kraios.app\/news\/gundem\/2023\/06\/13\/baskentte-etkili-olan-saganak-yenimahallede-hayati-olumsuz-etkiledi\/"},"modified":"2023-06-13T17:20:05","modified_gmt":"2023-06-13T17:20:05","slug":"baskentte-etkili-olan-saganak-yenimahallede-hayati-olumsuz-etkiledi","status":"publish","type":"post","link":"https:\/\/kraios.app\/news\/gundem\/2023\/06\/13\/baskentte-etkili-olan-saganak-yenimahallede-hayati-olumsuz-etkiledi\/","title":{"rendered":"Ba\u015fkentte etkili olan sa\u011fanak, Yenimahalle&#039;de hayat\u0131 olumsuz etkiledi"},"content":{"rendered":"<p>Ba\u015fkentte \u00f6\u011fleden sonra etkili olan kuvvetli sa\u011fanak nedeniyle baz\u0131 cadde ve sokaklar sular alt\u0131nda kald\u0131.<\/p>\n","protected":false},"excerpt":{"rendered":"<p>Ba\u015fkentte \u00f6\u011fleden sonra etkili olan kuvvetli sa\u011fanak nedeniyle baz\u0131 cadde ve sokaklar sular alt\u0131nda kald\u0131.<\/p>\n","protected":false},"author":1,"featured_media":7185,"comment_status":"","ping_status":"","sticky":false,"template":"","format":"standard","meta":[],"categories":[1],"tags":[],"_links":{"self":[{"href":"https:\/\/kraios.app\/news\/wp-json\/wp\/v2\/posts\/7184"}],"collection":[{"href":"https:\/\/kraios.app\/news\/wp-json\/wp\/v2\/posts"}],"about":[{"href":"https:\/\/kraios.app\/news\/wp-json\/wp\/v2\/types\/post"}],"author":[{"embeddable":true,"href":"https:\/\/kraios.app\/news\/wp-json\/wp\/v2\/users\/1"}],"replies":[{"embeddable":true,"href":"https:\/\/kraios.app\/news\/wp-json\/wp\/v2\/comments?post=7184"}],"version-history":[{"count":0,"href":"https:\/\/kraios.app\/news\/wp-json\/wp\/v2\/posts\/7184\/revisions"}],"wp:featuredmedia":[{"embeddable":true,"href":"https:\/\/kraios.app\/news\/wp-json\/wp\/v2\/media\/7185"}],"wp:attachment":[{"href":"https:\/\/kraios.app\/news\/wp-json\/wp\/v2\/media?parent=7184"}],"wp:term":[{"taxonomy":"category","embeddable":true,"href":"https:\/\/kraios.app\/news\/wp-json\/wp\/v2\/categories?post=7184"},{"taxonomy":"post_tag","embeddable":true,"href":"https:\/\/kraios.app\/news\/wp-json\/wp\/v2\/tags?post=7184"}],"curies":[{"name":"wp","href":"https:\/\/api.w.org\/{rel}","templated":true}]}}