{"id":7142,"date":"2023-06-13T04:20:04","date_gmt":"2023-06-13T04:20:04","guid":{"rendered":"https:\/\/kraios.app\/news\/gundem\/2023\/06\/13\/beyaz-saray-bidenin-saglik-durumu-iyi\/"},"modified":"2023-06-13T04:20:04","modified_gmt":"2023-06-13T04:20:04","slug":"beyaz-saray-bidenin-saglik-durumu-iyi","status":"publish","type":"post","link":"https:\/\/kraios.app\/news\/gundem\/2023\/06\/13\/beyaz-saray-bidenin-saglik-durumu-iyi\/","title":{"rendered":"Beyaz Saray: Biden&#8217;\u0131n sa\u011fl\u0131k durumu iyi"},"content":{"rendered":"<p><\/p>\n<div>\n<p>Beyaz Saray S\u00f6zc\u00fcs\u00fc Karine Jean-Pierre, g\u00fcnl\u00fck bas\u0131n toplant\u0131s\u0131nda gazetecilerin sorular\u0131n\u0131 yan\u0131tlad\u0131.<\/p>\n<p>Biden&#8217;\u0131n d\u00fcn ak\u015fam ba\u015flayan di\u015f a\u011fr\u0131s\u0131 nedeniyle lokal anestezi alarak kanal tedavisi g\u00f6rd\u00fc\u011f\u00fcn\u00fc s\u00f6yleyen Jean-Pierre, Ba\u015fkan&#8217;\u0131n operasyonunun ba\u015far\u0131l\u0131 ge\u00e7ti\u011fini duyurdu.<\/p>\n<p>Jean-Pierre, Biden&#8217;\u0131n iyi hissetti\u011fini belirterek, bug\u00fcn konutunda \u00e7al\u0131\u015faca\u011f\u0131n\u0131 aktard\u0131.<\/p>\n<p>Ba\u015fkan&#8217;\u0131n bir\u00e7ok Amerikal\u0131 gibi kanal tedavisi g\u00f6rd\u00fc\u011f\u00fcn\u00fc ifade eden Jean-Pierre, bunun rutin bir i\u015flem oldu\u011funu kaydetti.<\/p>\n<h3>NATO Genel Sekreteri Stoltenberg ile g\u00f6r\u00fc\u015fmesi ertelenmi\u015fti<\/h3>\n<p>Beyaz Saray sabah saatlerinde Biden&#8217;\u0131n, di\u015f tedavisi g\u00f6rd\u00fc\u011f\u00fc i\u00e7in \u00f6nceden duyurulan bir program\u0131na kat\u0131lamayaca\u011f\u0131n\u0131 bildirmi\u015fti.<\/p>\n<p>Biden&#8217;\u0131n daha sonra NATO Genel Sekreteri Jens Stoltenberg ile planlanan g\u00f6r\u00fc\u015fmesi ve di\u011fer programlar\u0131n\u0131n da ertelendi\u011fi duyurulmu\u015ftu.<\/p>\n<p>Di\u015f tedavisiyle ilgili doktoru Kevin O&#8217;Connor&#8217;un kamuoyuyla payla\u015f\u0131lan raporuna g\u00f6re, Biden&#8217;\u0131n, d\u00fcn sa\u011f alt di\u015finin a\u011fr\u0131d\u0131\u011f\u0131 ve Beyaz Saray di\u015f hekimlerinin muayenesinin ard\u0131ndan kanal tedavisini uygun g\u00f6rd\u00fckleri belirtilmi\u015fti.<\/p>\n<p>Biden&#8217;\u0131n di\u015fine ilk m\u00fcdahalenin yap\u0131ld\u0131\u011f\u0131n\u0131 kaydeden O&#8217;Connor, herhangi bir komplikasyon ya\u015fanmad\u0131\u011f\u0131 bilgisini payla\u015fm\u0131\u015ft\u0131.<\/p>\n<p>O&#8217;Connor, bu sabah Biden&#8217;\u0131n di\u015findeki rahats\u0131zl\u0131\u011f\u0131n beklendi\u011fi gibi artt\u0131\u011f\u0131n\u0131 ifade ederek, bug\u00fcn Beyaz Saray&#8217;da kanal tedavisinin tamamlanaca\u011f\u0131n\u0131 bildirmi\u015fti.<\/p>\n<p>Bug\u00fcn yerel saatle 11.30&#8217;da \u00dcniversite Sporcular\u0131 G\u00fcn\u00fc nedeniyle Amerikan \u00dcniversite Sporlar\u0131 Federasyonu (NCAA) \u015fampiyonlar\u0131n\u0131 a\u011f\u0131rlayaca\u011f\u0131 program\u0131na, Biden&#8217;\u0131n yerine Ba\u015fkan Yard\u0131mc\u0131s\u0131 Harris kat\u0131ld\u0131.<\/p>\n<p>Biden&#8217;\u0131n 15.15&#8217;te ise NATO Genel Sekreteri Stoltenberg&#8217;i Beyaz Saray&#8217;da a\u011f\u0131rlamas\u0131 \u00f6ng\u00f6r\u00fcl\u00fcyordu.<\/p>\n<p>                            <span class=\"detay-foto-editor\">&#13;<br \/>\n                                <a href=\"https:\/\/www.aa.com.tr\/tr\/p\/abonelik-talep-formu\/1001\" target=\"_blank\" style=\"font-size:12px; color:#444; text-decoration:none;\" rel=\"noopener\">&#13;<br \/>\n                                    Anadolu Ajans\u0131 web sitesinde, AA Haber Ak\u0131\u015f Sistemi (HAS) \u00fczerinden abonelere sunulan haberler, \u00f6zetlenerek yay\u0131mlanmaktad\u0131r. <b style=\"color:#1897F7\">Abonelik i\u00e7in l\u00fctfen ileti\u015fime ge\u00e7iniz.<\/b>&#13;<br \/>\n                                <\/a>&#13;<br \/>\n                            <\/span>\n                        <\/div>\n<p><script>\n\t  window.fbAsyncInit = function() {\n\t\tFB.init({\n\t\t  appId: '1855843514662870',\n\t\t  status : true, \/\/ check login status\n\t\t  cookie : true, \/\/ enable cookies to allow the server to access the session\n\t\t  xfbml  : true  \/\/ parse XFBML\n\t\t});\n\t  };<\/p>\n<p>\t  (function() {\n\t\tvar e = document.createElement('script');\n\t\te.src=\"https:\/\/connect.facebook.net\/tr_TR\/all.js\";\n\t\te.async = true;\n\t\tdocument.getElementById('fb-root').appendChild(e);\n\t  }());\n    <\/script><\/p>\n","protected":false},"excerpt":{"rendered":"<p>Beyaz Saray S\u00f6zc\u00fcs\u00fc Karine Jean-Pierre, g\u00fcnl\u00fck bas\u0131n toplant\u0131s\u0131nda gazetecilerin sorular\u0131n\u0131 yan\u0131tlad\u0131. Biden&#8217;\u0131n d\u00fcn ak\u015fam ba\u015flayan di\u015f a\u011fr\u0131s\u0131 nedeniyle lokal anestezi alarak kanal tedavisi g\u00f6rd\u00fc\u011f\u00fcn\u00fc s\u00f6yleyen Jean-Pierre, Ba\u015fkan&#8217;\u0131n operasyonunun ba\u015far\u0131l\u0131 ge\u00e7ti\u011fini duyurdu. Jean-Pierre, Biden&#8217;\u0131n iyi hissetti\u011fini belirterek, bug\u00fcn konutunda \u00e7al\u0131\u015faca\u011f\u0131n\u0131 aktard\u0131. Ba\u015fkan&#8217;\u0131n bir\u00e7ok Amerikal\u0131 gibi kanal tedavisi g\u00f6rd\u00fc\u011f\u00fcn\u00fc ifade eden Jean-Pierre, bunun rutin bir i\u015flem oldu\u011funu [&hellip;]<\/p>\n","protected":false},"author":1,"featured_media":7143,"comment_status":"","ping_status":"","sticky":false,"template":"","format":"standard","meta":[],"categories":[1],"tags":[],"_links":{"self":[{"href":"https:\/\/kraios.app\/news\/wp-json\/wp\/v2\/posts\/7142"}],"collection":[{"href":"https:\/\/kraios.app\/news\/wp-json\/wp\/v2\/posts"}],"about":[{"href":"https:\/\/kraios.app\/news\/wp-json\/wp\/v2\/types\/post"}],"author":[{"embeddable":true,"href":"https:\/\/kraios.app\/news\/wp-json\/wp\/v2\/users\/1"}],"replies":[{"embeddable":true,"href":"https:\/\/kraios.app\/news\/wp-json\/wp\/v2\/comments?post=7142"}],"version-history":[{"count":0,"href":"https:\/\/kraios.app\/news\/wp-json\/wp\/v2\/posts\/7142\/revisions"}],"wp:featuredmedia":[{"embeddable":true,"href":"https:\/\/kraios.app\/news\/wp-json\/wp\/v2\/media\/7143"}],"wp:attachment":[{"href":"https:\/\/kraios.app\/news\/wp-json\/wp\/v2\/media?parent=7142"}],"wp:term":[{"taxonomy":"category","embeddable":true,"href":"https:\/\/kraios.app\/news\/wp-json\/wp\/v2\/categories?post=7142"},{"taxonomy":"post_tag","embeddable":true,"href":"https:\/\/kraios.app\/news\/wp-json\/wp\/v2\/tags?post=7142"}],"curies":[{"name":"wp","href":"https:\/\/api.w.org\/{rel}","templated":true}]}}