{"id":7130,"date":"2023-06-13T00:20:05","date_gmt":"2023-06-13T00:20:05","guid":{"rendered":"https:\/\/kraios.app\/news\/gundem\/2023\/06\/13\/nijeryada-duzenlenen-hava-operasyonunda-100den-fazla-terorist-olduruldu\/"},"modified":"2023-06-13T00:20:05","modified_gmt":"2023-06-13T00:20:05","slug":"nijeryada-duzenlenen-hava-operasyonunda-100den-fazla-terorist-olduruldu","status":"publish","type":"post","link":"https:\/\/kraios.app\/news\/gundem\/2023\/06\/13\/nijeryada-duzenlenen-hava-operasyonunda-100den-fazla-terorist-olduruldu\/","title":{"rendered":"Nijerya&#039;da d\u00fczenlenen hava operasyonunda 100&#039;den fazla ter\u00f6rist \u00f6ld\u00fcr\u00fcld\u00fc"},"content":{"rendered":"<p>Nijerya&#8217;n\u0131n Borno eyaletinde ter\u00f6r \u00f6rg\u00fct\u00fc Boko Haram&#8217;a y\u00f6nelik d\u00fczenlenen hava operasyonunda 100&#8217;den fazla \u00f6rg\u00fct \u00fcyesi etkisiz hale getirildi.<\/p>\n","protected":false},"excerpt":{"rendered":"<p>Nijerya&#8217;n\u0131n Borno eyaletinde ter\u00f6r \u00f6rg\u00fct\u00fc Boko Haram&#8217;a y\u00f6nelik d\u00fczenlenen hava operasyonunda 100&#8217;den fazla \u00f6rg\u00fct \u00fcyesi etkisiz hale getirildi.<\/p>\n","protected":false},"author":1,"featured_media":7131,"comment_status":"","ping_status":"","sticky":false,"template":"","format":"standard","meta":[],"categories":[1],"tags":[],"_links":{"self":[{"href":"https:\/\/kraios.app\/news\/wp-json\/wp\/v2\/posts\/7130"}],"collection":[{"href":"https:\/\/kraios.app\/news\/wp-json\/wp\/v2\/posts"}],"about":[{"href":"https:\/\/kraios.app\/news\/wp-json\/wp\/v2\/types\/post"}],"author":[{"embeddable":true,"href":"https:\/\/kraios.app\/news\/wp-json\/wp\/v2\/users\/1"}],"replies":[{"embeddable":true,"href":"https:\/\/kraios.app\/news\/wp-json\/wp\/v2\/comments?post=7130"}],"version-history":[{"count":0,"href":"https:\/\/kraios.app\/news\/wp-json\/wp\/v2\/posts\/7130\/revisions"}],"wp:featuredmedia":[{"embeddable":true,"href":"https:\/\/kraios.app\/news\/wp-json\/wp\/v2\/media\/7131"}],"wp:attachment":[{"href":"https:\/\/kraios.app\/news\/wp-json\/wp\/v2\/media?parent=7130"}],"wp:term":[{"taxonomy":"category","embeddable":true,"href":"https:\/\/kraios.app\/news\/wp-json\/wp\/v2\/categories?post=7130"},{"taxonomy":"post_tag","embeddable":true,"href":"https:\/\/kraios.app\/news\/wp-json\/wp\/v2\/tags?post=7130"}],"curies":[{"name":"wp","href":"https:\/\/api.w.org\/{rel}","templated":true}]}}