{"id":7118,"date":"2023-06-12T19:20:05","date_gmt":"2023-06-12T19:20:05","guid":{"rendered":"https:\/\/kraios.app\/news\/gundem\/2023\/06\/12\/turkiye-finlandiya-isvec-daimi-ortak-mekanizmasinin-dorduncu-toplantisi-ankarada-yapilacak\/"},"modified":"2023-06-12T19:20:05","modified_gmt":"2023-06-12T19:20:05","slug":"turkiye-finlandiya-isvec-daimi-ortak-mekanizmasinin-dorduncu-toplantisi-ankarada-yapilacak","status":"publish","type":"post","link":"https:\/\/kraios.app\/news\/gundem\/2023\/06\/12\/turkiye-finlandiya-isvec-daimi-ortak-mekanizmasinin-dorduncu-toplantisi-ankarada-yapilacak\/","title":{"rendered":"T\u00fcrkiye, Finlandiya, \u0130sve\u00e7 Daimi Ortak Mekanizmas\u0131&#039;n\u0131n d\u00f6rd\u00fcnc\u00fc toplant\u0131s\u0131 Ankara&#039;da yap\u0131lacak"},"content":{"rendered":"<p>T\u00fcrkiye, Finlandiya, \u0130sve\u00e7 ve NATO heyetlerinin yer alaca\u011f\u0131, \u00dc\u00e7l\u00fc Mutabakat uyar\u0131nca tesis edilen Daimi Ortak Mekanizma&#8217;n\u0131n d\u00f6rd\u00fcnc\u00fc toplant\u0131s\u0131, Cumhurba\u015fkan\u0131 Ba\u015fdan\u0131\u015fman\u0131 B\u00fcy\u00fckel\u00e7i K\u0131l\u0131\u00e7&#8217;\u0131n ev sahipli\u011finde, 14 Haziran 2023&#8217;te ger\u00e7ekle\u015ftirilecek.<\/p>\n","protected":false},"excerpt":{"rendered":"<p>T\u00fcrkiye, Finlandiya, \u0130sve\u00e7 ve NATO heyetlerinin yer alaca\u011f\u0131, \u00dc\u00e7l\u00fc Mutabakat uyar\u0131nca tesis edilen Daimi Ortak Mekanizma&#8217;n\u0131n d\u00f6rd\u00fcnc\u00fc toplant\u0131s\u0131, Cumhurba\u015fkan\u0131 Ba\u015fdan\u0131\u015fman\u0131 B\u00fcy\u00fckel\u00e7i K\u0131l\u0131\u00e7&#8217;\u0131n ev sahipli\u011finde, 14 Haziran 2023&#8217;te ger\u00e7ekle\u015ftirilecek.<\/p>\n","protected":false},"author":1,"featured_media":7119,"comment_status":"","ping_status":"","sticky":false,"template":"","format":"standard","meta":[],"categories":[1],"tags":[],"_links":{"self":[{"href":"https:\/\/kraios.app\/news\/wp-json\/wp\/v2\/posts\/7118"}],"collection":[{"href":"https:\/\/kraios.app\/news\/wp-json\/wp\/v2\/posts"}],"about":[{"href":"https:\/\/kraios.app\/news\/wp-json\/wp\/v2\/types\/post"}],"author":[{"embeddable":true,"href":"https:\/\/kraios.app\/news\/wp-json\/wp\/v2\/users\/1"}],"replies":[{"embeddable":true,"href":"https:\/\/kraios.app\/news\/wp-json\/wp\/v2\/comments?post=7118"}],"version-history":[{"count":0,"href":"https:\/\/kraios.app\/news\/wp-json\/wp\/v2\/posts\/7118\/revisions"}],"wp:featuredmedia":[{"embeddable":true,"href":"https:\/\/kraios.app\/news\/wp-json\/wp\/v2\/media\/7119"}],"wp:attachment":[{"href":"https:\/\/kraios.app\/news\/wp-json\/wp\/v2\/media?parent=7118"}],"wp:term":[{"taxonomy":"category","embeddable":true,"href":"https:\/\/kraios.app\/news\/wp-json\/wp\/v2\/categories?post=7118"},{"taxonomy":"post_tag","embeddable":true,"href":"https:\/\/kraios.app\/news\/wp-json\/wp\/v2\/tags?post=7118"}],"curies":[{"name":"wp","href":"https:\/\/api.w.org\/{rel}","templated":true}]}}