{"id":7057,"date":"2023-06-11T15:20:05","date_gmt":"2023-06-11T15:20:05","guid":{"rendered":"https:\/\/kraios.app\/news\/gundem\/2023\/06\/11\/italyada-muslumanlarin-ibadet-ettigi-yerleri-kisitlamaya-dair-yasa-teklifi-tartisiliyor\/"},"modified":"2023-06-11T15:20:05","modified_gmt":"2023-06-11T15:20:05","slug":"italyada-muslumanlarin-ibadet-ettigi-yerleri-kisitlamaya-dair-yasa-teklifi-tartisiliyor","status":"publish","type":"post","link":"https:\/\/kraios.app\/news\/gundem\/2023\/06\/11\/italyada-muslumanlarin-ibadet-ettigi-yerleri-kisitlamaya-dair-yasa-teklifi-tartisiliyor\/","title":{"rendered":"\u0130talya&#8217;da M\u00fcsl\u00fcmanlar\u0131n ibadet etti\u011fi yerleri k\u0131s\u0131tlamaya dair yasa teklifi tart\u0131\u015f\u0131l\u0131yor"},"content":{"rendered":"<p><\/p>\n<div>\n<p>\u0130talyan bas\u0131n\u0131nda, &#8220;End\u00fcstriyel depolarda, garajlarda camiye yer yok&#8221; ba\u015fl\u0131klar\u0131yla yer alan haberlere g\u00f6re, iktidar\u0131n b\u00fcy\u00fck orta\u011f\u0131 FdI&#8217;nin Temsilciler Meclisi&#8217;ndeki grup ba\u015fkan\u0131 Tommaso Foti&#8217;nin \u00e7evre komisyonunda ilk imzac\u0131s\u0131 oldu\u011fu yasa teklifi tart\u0131\u015fma yaratt\u0131.<\/p>\n<p>S\u00f6z konusu teklif, \u0130talyan anayasas\u0131n\u0131n, Katolik olmayan her t\u00fcrl\u00fc din ve mezhebin \u0130talyan devletiyle ili\u015fkilerini d\u00fczenleyen bir anla\u015fmas\u0131 olmas\u0131 gerekti\u011fine ili\u015fkin maddesine at\u0131fla; resmi d\u00fczeyde devletle anla\u015fmas\u0131 bulunmayan dinin, ibadethanelerine daha fazla k\u0131s\u0131tlama getirmeyi ama\u00e7l\u0131yor.<\/p>\n<p>\u0130talya&#8217;da devletle herhangi bir anla\u015fmas\u0131 olmayan dinlerden biri de \u0130slam oldu\u011fu i\u00e7in, yasa teklifinin \u00f6zellikle M\u00fcsl\u00fcmanlar\u0131 etkileyece\u011fi, \u00e7\u00fcnk\u00fc end\u00fcstriyel hangar, garaj ve depolar ile baz\u0131 \u00f6zel m\u00fclk d\u00fckkanlar\u0131n, cami ya da mescide d\u00f6n\u00fc\u015ft\u00fcr\u00fclerek ibadethane olarak kullan\u0131lmas\u0131n\u0131 yasaklamay\u0131 \u00f6ng\u00f6rd\u00fc\u011f\u00fc ifade ediliyor.<\/p>\n<p>Yakla\u015f\u0131k 2,8 milyon M\u00fcsl\u00fcman n\u00fcfusu bulunan \u0130talya\u2019da M\u00fcsl\u00fcman topluluklar\u0131 ve muhalefetteki sol partiler, s\u00f6z konusu kanun teklifine tepki g\u00f6sterdi.<\/p>\n<p>Haberlerde, meclis \u00e7evre komisyonunda yer alan muhalefet partilerinden merkez soldan Demokratik Parti (PD), Ye\u015fil ve Sol \u0130ttifak ile Eylem partilerinin teklife muhalif olduklar\u0131n\u0131 belirttikleri ve ayr\u0131ca incelemek i\u00e7in de ek s\u00fcre talep ettikleri aktar\u0131ld\u0131.<\/p>\n<p>Ye\u015fil ve Sol \u0130ttifak&#8217;\u0131n, Temsilciler Meclisi Ba\u015fkan\u0131 Lorenzo Fontana&#8217;ya s\u00f6z konusu yasa teklifine anayasaya ayk\u0131r\u0131 oldu\u011fu gerek\u00e7esiyle m\u00fcdahale etme \u00e7a\u011fr\u0131s\u0131nda bulundu\u011fu bas\u0131na yans\u0131d\u0131.<\/p>\n<p>Haberlerde, M\u00fcsl\u00fcman topluluklar\u0131n &#8220;ayr\u0131mc\u0131&#8221; olarak niteledikleri kanun teklifi i\u00e7in &#8220;\u0130talya\u2019da \u0130slam&#8217;\u0131 marjinalle\u015ftirmeye y\u00f6nelik anayasaya ayk\u0131r\u0131 bir giri\u015fim&#8221; de\u011ferlendirmesinde bulundu\u011fu kaydedildi.<\/p>\n<p>La Repubblica gazetesinde, 2012 y\u0131l\u0131nda \u0130talyan devleti ve \u0130talya&#8217;daki M\u00fcsl\u00fcman topluluklar aras\u0131nda bir anla\u015fma imzalanmas\u0131na \u00e7ok yakla\u015f\u0131ld\u0131\u011f\u0131 ancak daha sonra bunun ger\u00e7ekle\u015fmedi\u011fi ifade edildi.<\/p>\n<p>Gazetede g\u00f6r\u00fc\u015f\u00fcne yer verilen \u0130talya&#8217;daki Arap Toplumu Birli\u011finden Fuad Aodi da \u0130talya\u2019daki M\u00fcsl\u00fcmanlar\u0131n devletle bu t\u00fcr bir anla\u015fma imzalamada g\u00fc\u00e7l\u00fck \u00e7ekti\u011fini \u00e7\u00fcnk\u00fc \u0130slam\u2019da Katoliklerde Papa ile oldu\u011fu gibi tek bir temsilcinin olmad\u0131\u011f\u0131n\u0131 belirtti.<\/p>\n<p>                            <span class=\"detay-foto-editor\">&#13;<br \/>\n                                <a href=\"https:\/\/www.aa.com.tr\/tr\/p\/abonelik-talep-formu\/1001\" target=\"_blank\" style=\"font-size:12px; color:#444; text-decoration:none;\" rel=\"noopener\">&#13;<br \/>\n                                    Anadolu Ajans\u0131 web sitesinde, AA Haber Ak\u0131\u015f Sistemi (HAS) \u00fczerinden abonelere sunulan haberler, \u00f6zetlenerek yay\u0131mlanmaktad\u0131r. <b style=\"color:#1897F7\">Abonelik i\u00e7in l\u00fctfen ileti\u015fime ge\u00e7iniz.<\/b>&#13;<br \/>\n                                <\/a>&#13;<br \/>\n                            <\/span>\n                        <\/div>\n<p><script>\n\t  window.fbAsyncInit = function() {\n\t\tFB.init({\n\t\t  appId: '1855843514662870',\n\t\t  status : true, \/\/ check login status\n\t\t  cookie : true, \/\/ enable cookies to allow the server to access the session\n\t\t  xfbml  : true  \/\/ parse XFBML\n\t\t});\n\t  };<\/p>\n<p>\t  (function() {\n\t\tvar e = document.createElement('script');\n\t\te.src=\"https:\/\/connect.facebook.net\/tr_TR\/all.js\";\n\t\te.async = true;\n\t\tdocument.getElementById('fb-root').appendChild(e);\n\t  }());\n    <\/script><\/p>\n","protected":false},"excerpt":{"rendered":"<p>\u0130talyan bas\u0131n\u0131nda, &#8220;End\u00fcstriyel depolarda, garajlarda camiye yer yok&#8221; ba\u015fl\u0131klar\u0131yla yer alan haberlere g\u00f6re, iktidar\u0131n b\u00fcy\u00fck orta\u011f\u0131 FdI&#8217;nin Temsilciler Meclisi&#8217;ndeki grup ba\u015fkan\u0131 Tommaso Foti&#8217;nin \u00e7evre komisyonunda ilk imzac\u0131s\u0131 oldu\u011fu yasa teklifi tart\u0131\u015fma yaratt\u0131. S\u00f6z konusu teklif, \u0130talyan anayasas\u0131n\u0131n, Katolik olmayan her t\u00fcrl\u00fc din ve mezhebin \u0130talyan devletiyle ili\u015fkilerini d\u00fczenleyen bir anla\u015fmas\u0131 olmas\u0131 gerekti\u011fine ili\u015fkin maddesine at\u0131fla; [&hellip;]<\/p>\n","protected":false},"author":1,"featured_media":7058,"comment_status":"","ping_status":"","sticky":false,"template":"","format":"standard","meta":[],"categories":[1],"tags":[],"_links":{"self":[{"href":"https:\/\/kraios.app\/news\/wp-json\/wp\/v2\/posts\/7057"}],"collection":[{"href":"https:\/\/kraios.app\/news\/wp-json\/wp\/v2\/posts"}],"about":[{"href":"https:\/\/kraios.app\/news\/wp-json\/wp\/v2\/types\/post"}],"author":[{"embeddable":true,"href":"https:\/\/kraios.app\/news\/wp-json\/wp\/v2\/users\/1"}],"replies":[{"embeddable":true,"href":"https:\/\/kraios.app\/news\/wp-json\/wp\/v2\/comments?post=7057"}],"version-history":[{"count":0,"href":"https:\/\/kraios.app\/news\/wp-json\/wp\/v2\/posts\/7057\/revisions"}],"wp:featuredmedia":[{"embeddable":true,"href":"https:\/\/kraios.app\/news\/wp-json\/wp\/v2\/media\/7058"}],"wp:attachment":[{"href":"https:\/\/kraios.app\/news\/wp-json\/wp\/v2\/media?parent=7057"}],"wp:term":[{"taxonomy":"category","embeddable":true,"href":"https:\/\/kraios.app\/news\/wp-json\/wp\/v2\/categories?post=7057"},{"taxonomy":"post_tag","embeddable":true,"href":"https:\/\/kraios.app\/news\/wp-json\/wp\/v2\/tags?post=7057"}],"curies":[{"name":"wp","href":"https:\/\/api.w.org\/{rel}","templated":true}]}}