{"id":7043,"date":"2023-06-11T11:20:04","date_gmt":"2023-06-11T11:20:04","guid":{"rendered":"https:\/\/kraios.app\/news\/gundem\/2023\/06\/11\/milli-motosikletci-deniz-oncu-italyada-0-051-saniyelik-farkla-birinciligi-kacirdi\/"},"modified":"2023-06-11T11:20:04","modified_gmt":"2023-06-11T11:20:04","slug":"milli-motosikletci-deniz-oncu-italyada-0-051-saniyelik-farkla-birinciligi-kacirdi","status":"publish","type":"post","link":"https:\/\/kraios.app\/news\/gundem\/2023\/06\/11\/milli-motosikletci-deniz-oncu-italyada-0-051-saniyelik-farkla-birinciligi-kacirdi\/","title":{"rendered":"Milli motosiklet\u00e7i Deniz \u00d6nc\u00fc, \u0130talya&#039;da 0.051 saniyelik farkla birincili\u011fi ka\u00e7\u0131rd\u0131"},"content":{"rendered":"<p>Milli motosiklet\u00e7i Deniz \u00d6nc\u00fc, Uluslararas\u0131 Motosiklet Federasyonunun (FIM) organize etti\u011fi, \u0130talya&#8217;da yap\u0131lan D\u00fcnya Moto3 \u015eampiyonas\u0131&#8217;n\u0131n 6&#8217;nc\u0131 aya\u011f\u0131nda 0.051 saniyelik farkla birincili\u011fi ka\u00e7\u0131rd\u0131 ve ikinci oldu.<\/p>\n","protected":false},"excerpt":{"rendered":"<p>Milli motosiklet\u00e7i Deniz \u00d6nc\u00fc, Uluslararas\u0131 Motosiklet Federasyonunun (FIM) organize etti\u011fi, \u0130talya&#8217;da yap\u0131lan D\u00fcnya Moto3 \u015eampiyonas\u0131&#8217;n\u0131n 6&#8217;nc\u0131 aya\u011f\u0131nda 0.051 saniyelik farkla birincili\u011fi ka\u00e7\u0131rd\u0131 ve ikinci oldu.<\/p>\n","protected":false},"author":1,"featured_media":7044,"comment_status":"","ping_status":"","sticky":false,"template":"","format":"standard","meta":[],"categories":[1],"tags":[],"_links":{"self":[{"href":"https:\/\/kraios.app\/news\/wp-json\/wp\/v2\/posts\/7043"}],"collection":[{"href":"https:\/\/kraios.app\/news\/wp-json\/wp\/v2\/posts"}],"about":[{"href":"https:\/\/kraios.app\/news\/wp-json\/wp\/v2\/types\/post"}],"author":[{"embeddable":true,"href":"https:\/\/kraios.app\/news\/wp-json\/wp\/v2\/users\/1"}],"replies":[{"embeddable":true,"href":"https:\/\/kraios.app\/news\/wp-json\/wp\/v2\/comments?post=7043"}],"version-history":[{"count":0,"href":"https:\/\/kraios.app\/news\/wp-json\/wp\/v2\/posts\/7043\/revisions"}],"wp:featuredmedia":[{"embeddable":true,"href":"https:\/\/kraios.app\/news\/wp-json\/wp\/v2\/media\/7044"}],"wp:attachment":[{"href":"https:\/\/kraios.app\/news\/wp-json\/wp\/v2\/media?parent=7043"}],"wp:term":[{"taxonomy":"category","embeddable":true,"href":"https:\/\/kraios.app\/news\/wp-json\/wp\/v2\/categories?post=7043"},{"taxonomy":"post_tag","embeddable":true,"href":"https:\/\/kraios.app\/news\/wp-json\/wp\/v2\/tags?post=7043"}],"curies":[{"name":"wp","href":"https:\/\/api.w.org\/{rel}","templated":true}]}}