{"id":7002,"date":"2023-06-10T13:20:06","date_gmt":"2023-06-10T13:20:06","guid":{"rendered":"https:\/\/kraios.app\/news\/gundem\/2023\/06\/10\/duzensiz-gocmenlerin-alikoyma-girisimi-uzerine-operasyonla-kurtarilan-turk-gemisi-yoluna-devam-ediyor\/"},"modified":"2023-06-10T13:20:06","modified_gmt":"2023-06-10T13:20:06","slug":"duzensiz-gocmenlerin-alikoyma-girisimi-uzerine-operasyonla-kurtarilan-turk-gemisi-yoluna-devam-ediyor","status":"publish","type":"post","link":"https:\/\/kraios.app\/news\/gundem\/2023\/06\/10\/duzensiz-gocmenlerin-alikoyma-girisimi-uzerine-operasyonla-kurtarilan-turk-gemisi-yoluna-devam-ediyor\/","title":{"rendered":"D\u00fczensiz g\u00f6\u00e7menlerin al\u0131koyma giri\u015fimi \u00fczerine operasyonla kurtar\u0131lan T\u00fcrk gemisi yoluna devam ediyor"},"content":{"rendered":"<p><\/p>\n<div>\n<p>D\u00fcnya genelindeki sivil deniz trafi\u011fini g\u00f6steren &#8220;MarineTraffic&#8221; isimli internet sitesine g\u00f6re, d\u00fcn \u0130talyan \u00f6zel kuvvetlerinin operasyonuyla kurtar\u0131lan ve geceyi Napoli a\u00e7\u0131klar\u0131nda ge\u00e7iren T\u00fcrk bayrakl\u0131 kargo gemisi GALATA SEAWAYS, \u0130talyan makamlar\u0131n\u0131n incelemelerini tamamlamas\u0131n\u0131n ard\u0131ndan \u00f6\u011fle saatlerinde Fransa&#8217;daki var\u0131\u015f liman\u0131na do\u011fru hareket etti.<\/p>\n<p>Di\u011fer yandan \u0130talyan ANSA ajans\u0131n\u0131n haberinde, gece saatlerinde olayla ilgili soru\u015fturma ba\u015flatan Napoli Cumhuriyet Ba\u015fsavc\u0131l\u0131\u011f\u0131n\u0131n gemi kaptan\u0131n\u0131n ifadesine ba\u015fvurdu\u011fu belirtildi.<\/p>\n<p>Haberde gemi kaptan\u0131n\u0131n, motor dairesinde dola\u015fan b\u0131\u00e7akl\u0131 iki ki\u015fi g\u00f6rd\u00fc\u011f\u00fcn\u00fc, daha sonra bu ki\u015filerin di\u011fer g\u00f6\u00e7menlerle bir araya geldi\u011fi i\u00e7in alarm verdi\u011fini aktard\u0131\u011f\u0131 kaydedildi.<\/p>\n<p>Ayr\u0131ca savc\u0131l\u0131\u011f\u0131n, 2&#8217;si kad\u0131n 15 g\u00f6\u00e7menden 3&#8217;\u00fcn\u00fc silah ta\u015f\u0131makla su\u00e7lad\u0131\u011f\u0131 ifade edilen haberde, gemide arama yapan \u0130talyan g\u00fcvenlik g\u00fc\u00e7lerinin de iki b\u0131\u00e7ak, bir de maket b\u0131\u00e7a\u011f\u0131 ele ge\u00e7irdi\u011fi aktar\u0131ld\u0131.<\/p>\n<p>Bu arada, gemiden \u00e7\u0131kar\u0131ld\u0131ktan sonra Napoli Emniyet M\u00fcd\u00fcrl\u00fc\u011f\u00fcne g\u00f6t\u00fcr\u00fclen 15 g\u00f6\u00e7menden 4&#8217;\u00fc sa\u011fl\u0131k sorunlar\u0131 sebebiyle hastaneye sevk edildi. Hastaneye kald\u0131r\u0131lanlar aras\u0131nda hamile bir kad\u0131n, genel durumu k\u00f6t\u00fc olan bir ki\u015fi, ayak bile\u011fi k\u0131r\u0131k oldu\u011fu d\u00fc\u015f\u00fcn\u00fclen ve \u015fiddetli hipotermi ge\u00e7iren birer ki\u015fi bulunuyor.<\/p>\n<p>ANSA&#8217;n\u0131n ge\u00e7ti\u011fi di\u011fer bir haberde ise d\u00fczensiz g\u00f6\u00e7menlerin kimlik bilgilerinin de g\u00fcncellendi\u011fi belirtilerek 15 g\u00f6\u00e7menden 9&#8217;unun Irakl\u0131, 4&#8217;\u00fcn\u00fcn Suriyeli, 1&#8217;inin \u0130ranl\u0131 oldu\u011fu, hipotermi nedeniyle hastaneye kald\u0131r\u0131lan ki\u015finin ise kimli\u011finin hen\u00fcz tespit edilemedi\u011fi aktar\u0131ld\u0131.<\/p>\n<h3>Olay<\/h3>\n<p>Ula\u015ft\u0131rma ve Altyap\u0131 Bakanl\u0131\u011f\u0131 Denizcilik Genel M\u00fcd\u00fcrl\u00fc\u011f\u00fc, sosyal medya hesab\u0131ndan yap\u0131lan a\u00e7\u0131klamada, d\u00fcn saat 11.20&#8217;de DFDS Denizcilik ve Ta\u015f\u0131mac\u0131l\u0131k A\u015e yetkililerinden Ana Arama Kurtarma Koordinasyon Merkezine (AAKKM) gelen ihbarda, &#8220;Yalova&#8217;dan Fransa&#8217;n\u0131n Sete Liman\u0131&#8217;na seyretmekte olan T\u00fcrk bayrakl\u0131 GALATA SEAWAYS isimli gemide yakla\u015f\u0131k 15 ka\u00e7ak \u015fah\u0131s tespit edildi\u011fi, ka\u00e7aklar\u0131n gemi i\u00e7inde ellerinde muhtemel kesici aletlerle dola\u015ft\u0131klar\u0131n\u0131n kameralarla belirlendi\u011fi, gemi personelinin kendilerini ya\u015fam mahalli ve makine dairesine kilitleyerek g\u00fcvene ald\u0131klar\u0131n\u0131n bildirildi\u011fi&#8221; aktar\u0131lm\u0131\u015ft\u0131.<\/p>\n<p>Gemi kaptan\u0131 ve \u015firket yetkilileriyle yap\u0131lan de\u011ferlendirme sonucunda AAKKM taraf\u0131ndan MRSC Ajaccio (Fransa) ve MRCC Roma (\u0130talya) ile irtibata ge\u00e7ildi\u011fi, gemi \u015firketi yetkililerinin talebi ve MRCC Roma&#8217;n\u0131n onay\u0131 do\u011frultusunda \u0130talya&#8217;n\u0131n Napoli liman\u0131na do\u011fru geminin seyrine karar verildi\u011fine yer verilen a\u00e7\u0131klamada, &#8220;MRCC Roma taraf\u0131ndan gemi ile ilgili olarak talep edilen Gemi G\u00fcvenlik Plan\u0131 dahil di\u011fer dok\u00fcmanlar kendilerine g\u00f6nderilmi\u015ftir. Geminin, saat 17.00&#8217;de Napoli&#8217;ye varmas\u0131 planlanmakta olup \u0130talyan emniyet birimlerince gemiye gerekli m\u00fcdahale i\u00e7in planlama yap\u0131lmaktad\u0131r. Konu, Bakanl\u0131\u011f\u0131m\u0131z ve ilgili kurumlar\u0131m\u0131zca takip edilmektedir.&#8221; ifadeleri kullan\u0131lm\u0131\u015ft\u0131.<\/p>\n<p>Olayla ilgili \u0130talya Savunma Bakan\u0131 Guido Crosetto da d\u00fcn bir forumda yapt\u0131\u011f\u0131 ilk a\u00e7\u0131klamada, &#8220;Napoli yak\u0131nlar\u0131nda, ka\u00e7ak g\u00f6\u00e7menler taraf\u0131ndan al\u0131konulan bir T\u00fcrk gemisi var. Gemiye \u0130talyan \u00f6zel kuvvetleri m\u00fcdahale ediyor. Onlar, geminin kontrol\u00fcn\u00fc tekrar ele ald\u0131lar ve m\u00fcrettebat\u0131 serbest b\u0131rak\u0131p ka\u00e7ak g\u00f6\u00e7menleri etkisiz hale getirmeleri gerekiyor. Nas\u0131l geli\u015fti\u011fini bilmedi\u011fimiz \u015fekilde 15 ka\u00e7ak g\u00f6\u00e7men var, bunlardan 2-3&#8217;\u00fc silahl\u0131. Bu ki\u015filer, 22 ki\u015filik m\u00fcrettebat\u0131 al\u0131koyup T\u00fcrk gemisinin kontrol\u00fcn\u00fc ele ge\u00e7irdi.&#8221; ifadelerini kullanm\u0131\u015ft\u0131.<\/p>\n<p>Crosetto, daha sonra gece saatlerinde Twitter&#8217;daki hesab\u0131ndan yapt\u0131\u011f\u0131 &#8220;Gemi korsanlar\u0131 yakaland\u0131. Her \u015fey iyi \u015fekilde bitti. San Marco birli\u011finin mensuplar\u0131n\u0131, polisleri, mali polisleri harika bir i\u015fbirli\u011fi i\u00e7inde y\u00fcr\u00fctt\u00fckleri operasyondan \u00f6t\u00fcr\u00fc tebrik ediyorum. Tebrikler.&#8221; payla\u015f\u0131m\u0131yla operasyonun g\u00fczel sonu\u00e7land\u0131\u011f\u0131n\u0131 duyurmu\u015ftu.<\/p>\n<p>                            <span class=\"detay-foto-editor\">&#13;<br \/>\n                                <a href=\"https:\/\/www.aa.com.tr\/tr\/p\/abonelik-talep-formu\/1001\" target=\"_blank\" style=\"font-size:12px; color:#444; text-decoration:none;\" rel=\"noopener\">&#13;<br \/>\n                                    Anadolu Ajans\u0131 web sitesinde, AA Haber Ak\u0131\u015f Sistemi (HAS) \u00fczerinden abonelere sunulan haberler, \u00f6zetlenerek yay\u0131mlanmaktad\u0131r. <b style=\"color:#1897F7\">Abonelik i\u00e7in l\u00fctfen ileti\u015fime ge\u00e7iniz.<\/b>&#13;<br \/>\n                                <\/a>&#13;<br \/>\n                            <\/span>\n                        <\/div>\n<p><script>\n\t  window.fbAsyncInit = function() {\n\t\tFB.init({\n\t\t  appId: '1855843514662870',\n\t\t  status : true, \/\/ check login status\n\t\t  cookie : true, \/\/ enable cookies to allow the server to access the session\n\t\t  xfbml  : true  \/\/ parse XFBML\n\t\t});\n\t  };<\/p>\n<p>\t  (function() {\n\t\tvar e = document.createElement('script');\n\t\te.src=\"https:\/\/connect.facebook.net\/tr_TR\/all.js\";\n\t\te.async = true;\n\t\tdocument.getElementById('fb-root').appendChild(e);\n\t  }());\n    <\/script><\/p>\n","protected":false},"excerpt":{"rendered":"<p>D\u00fcnya genelindeki sivil deniz trafi\u011fini g\u00f6steren &#8220;MarineTraffic&#8221; isimli internet sitesine g\u00f6re, d\u00fcn \u0130talyan \u00f6zel kuvvetlerinin operasyonuyla kurtar\u0131lan ve geceyi Napoli a\u00e7\u0131klar\u0131nda ge\u00e7iren T\u00fcrk bayrakl\u0131 kargo gemisi GALATA SEAWAYS, \u0130talyan makamlar\u0131n\u0131n incelemelerini tamamlamas\u0131n\u0131n ard\u0131ndan \u00f6\u011fle saatlerinde Fransa&#8217;daki var\u0131\u015f liman\u0131na do\u011fru hareket etti. Di\u011fer yandan \u0130talyan ANSA ajans\u0131n\u0131n haberinde, gece saatlerinde olayla ilgili soru\u015fturma ba\u015flatan Napoli Cumhuriyet [&hellip;]<\/p>\n","protected":false},"author":1,"featured_media":7003,"comment_status":"","ping_status":"","sticky":false,"template":"","format":"standard","meta":[],"categories":[1],"tags":[],"_links":{"self":[{"href":"https:\/\/kraios.app\/news\/wp-json\/wp\/v2\/posts\/7002"}],"collection":[{"href":"https:\/\/kraios.app\/news\/wp-json\/wp\/v2\/posts"}],"about":[{"href":"https:\/\/kraios.app\/news\/wp-json\/wp\/v2\/types\/post"}],"author":[{"embeddable":true,"href":"https:\/\/kraios.app\/news\/wp-json\/wp\/v2\/users\/1"}],"replies":[{"embeddable":true,"href":"https:\/\/kraios.app\/news\/wp-json\/wp\/v2\/comments?post=7002"}],"version-history":[{"count":0,"href":"https:\/\/kraios.app\/news\/wp-json\/wp\/v2\/posts\/7002\/revisions"}],"wp:featuredmedia":[{"embeddable":true,"href":"https:\/\/kraios.app\/news\/wp-json\/wp\/v2\/media\/7003"}],"wp:attachment":[{"href":"https:\/\/kraios.app\/news\/wp-json\/wp\/v2\/media?parent=7002"}],"wp:term":[{"taxonomy":"category","embeddable":true,"href":"https:\/\/kraios.app\/news\/wp-json\/wp\/v2\/categories?post=7002"},{"taxonomy":"post_tag","embeddable":true,"href":"https:\/\/kraios.app\/news\/wp-json\/wp\/v2\/tags?post=7002"}],"curies":[{"name":"wp","href":"https:\/\/api.w.org\/{rel}","templated":true}]}}