{"id":6962,"date":"2023-06-09T21:20:04","date_gmt":"2023-06-09T21:20:04","guid":{"rendered":"https:\/\/kraios.app\/news\/gundem\/2023\/06\/09\/almanyada-nsu-teror-orgutu-saldirisinin-19-yilinda-anma-toreni-duzenlendi\/"},"modified":"2023-06-09T21:20:04","modified_gmt":"2023-06-09T21:20:04","slug":"almanyada-nsu-teror-orgutu-saldirisinin-19-yilinda-anma-toreni-duzenlendi","status":"publish","type":"post","link":"https:\/\/kraios.app\/news\/gundem\/2023\/06\/09\/almanyada-nsu-teror-orgutu-saldirisinin-19-yilinda-anma-toreni-duzenlendi\/","title":{"rendered":"Almanya&#039;da NSU ter\u00f6r \u00f6rg\u00fct\u00fc sald\u0131r\u0131s\u0131n\u0131n 19. y\u0131l\u0131nda anma t\u00f6reni d\u00fczenlendi"},"content":{"rendered":"<p>Almanya&#8217;da 8&#8217;i T\u00fcrk 10 ki\u015fiyi \u00f6ld\u00fcren a\u015f\u0131r\u0131 sa\u011fc\u0131 NSU ter\u00f6r \u00f6rg\u00fct\u00fc taraf\u0131ndan 9 Haziran 2004&#8217;te ger\u00e7ekle\u015ftirilen bombal\u0131 sald\u0131r\u0131n\u0131n y\u0131l d\u00f6n\u00fcm\u00fcndeki anma t\u00f6reninde patlaman\u0131n oldu\u011fu yere \u00e7elenk b\u0131rak\u0131ld\u0131, beyaz g\u00fcvercinler u\u00e7uruldu.<\/p>\n","protected":false},"excerpt":{"rendered":"<p>Almanya&#8217;da 8&#8217;i T\u00fcrk 10 ki\u015fiyi \u00f6ld\u00fcren a\u015f\u0131r\u0131 sa\u011fc\u0131 NSU ter\u00f6r \u00f6rg\u00fct\u00fc taraf\u0131ndan 9 Haziran 2004&#8217;te ger\u00e7ekle\u015ftirilen bombal\u0131 sald\u0131r\u0131n\u0131n y\u0131l d\u00f6n\u00fcm\u00fcndeki anma t\u00f6reninde patlaman\u0131n oldu\u011fu yere \u00e7elenk b\u0131rak\u0131ld\u0131, beyaz g\u00fcvercinler u\u00e7uruldu.<\/p>\n","protected":false},"author":1,"featured_media":6963,"comment_status":"","ping_status":"","sticky":false,"template":"","format":"standard","meta":[],"categories":[1],"tags":[],"_links":{"self":[{"href":"https:\/\/kraios.app\/news\/wp-json\/wp\/v2\/posts\/6962"}],"collection":[{"href":"https:\/\/kraios.app\/news\/wp-json\/wp\/v2\/posts"}],"about":[{"href":"https:\/\/kraios.app\/news\/wp-json\/wp\/v2\/types\/post"}],"author":[{"embeddable":true,"href":"https:\/\/kraios.app\/news\/wp-json\/wp\/v2\/users\/1"}],"replies":[{"embeddable":true,"href":"https:\/\/kraios.app\/news\/wp-json\/wp\/v2\/comments?post=6962"}],"version-history":[{"count":0,"href":"https:\/\/kraios.app\/news\/wp-json\/wp\/v2\/posts\/6962\/revisions"}],"wp:featuredmedia":[{"embeddable":true,"href":"https:\/\/kraios.app\/news\/wp-json\/wp\/v2\/media\/6963"}],"wp:attachment":[{"href":"https:\/\/kraios.app\/news\/wp-json\/wp\/v2\/media?parent=6962"}],"wp:term":[{"taxonomy":"category","embeddable":true,"href":"https:\/\/kraios.app\/news\/wp-json\/wp\/v2\/categories?post=6962"},{"taxonomy":"post_tag","embeddable":true,"href":"https:\/\/kraios.app\/news\/wp-json\/wp\/v2\/tags?post=6962"}],"curies":[{"name":"wp","href":"https:\/\/api.w.org\/{rel}","templated":true}]}}