{"id":6876,"date":"2023-06-08T11:20:04","date_gmt":"2023-06-08T11:20:04","guid":{"rendered":"https:\/\/kraios.app\/news\/gundem\/2023\/06\/08\/ukrayna-devlet-baskani-zelenskiy-putinin-eski-gucunu-kaybettigini-dusunuyor\/"},"modified":"2023-06-08T11:20:04","modified_gmt":"2023-06-08T11:20:04","slug":"ukrayna-devlet-baskani-zelenskiy-putinin-eski-gucunu-kaybettigini-dusunuyor","status":"publish","type":"post","link":"https:\/\/kraios.app\/news\/gundem\/2023\/06\/08\/ukrayna-devlet-baskani-zelenskiy-putinin-eski-gucunu-kaybettigini-dusunuyor\/","title":{"rendered":"Ukrayna Devlet Ba\u015fkan\u0131 Zelenskiy, Putin&#8217;in eski g\u00fcc\u00fcn\u00fc kaybetti\u011fini d\u00fc\u015f\u00fcn\u00fcyor"},"content":{"rendered":"<p><\/p>\n<div>\n<p>Zelenksiy, Alman Axel Springer medyaya ba\u011fl\u0131 gazetelere yapt\u0131\u011f\u0131 a\u00e7\u0131klamada, Putin&#8217;in ya\u015fanan s\u0131k\u0131nt\u0131n\u0131n fark\u0131nda oldu\u011funu iddia ederek, &#8220;Bence i\u015f ortaklar\u0131 ona olan inan\u00e7lar\u0131n\u0131 kaybetti. Bu da hem orduyu hem de di\u011fer pek \u00e7ok \u015feyi etkiliyor. Putin eskiden sahip oldu\u011fu g\u00fcc\u00fc kaybetti.&#8221; ifadelerini kulland\u0131.<\/p>\n<p>D\u00fczenli Rus ordusu ile Wagner grubu aras\u0131ndaki ili\u015fkiye at\u0131fta bulunan Zelenskiy, hem devlet hem de \u00f6zel olmak \u00fczere farkl\u0131 ordular aras\u0131nda \u00e7ok ciddi bir siyasi m\u00fccadele oldu\u011funu savundu.<\/p>\n<p>\u00dclkesinin NATO&#8217;ya \u00fcyeli\u011fi konusuna da de\u011finen Zelenskiy, Vilnius&#8217;ta yap\u0131lacak NATO zirvesine i\u015faret ederek, &#8220;Ukrayna elbette zirvede yer almak istiyor. Ancak e\u011fer NATO bizi gelecekteki bir \u00fcye olarak g\u00f6rm\u00fcyorsa, neden oraya gidelim?&#8221; diye sordu.<\/p>\n<p>Kuzey Ak\u0131m boru hatlar\u0131na y\u00f6nelik sald\u0131r\u0131larda Ukrayna&#8217;n\u0131n dahli oldu\u011fu iddialar\u0131n\u0131 sert bir dille reddeden Zelenskiy, &#8220;Ben Cumhurba\u015fkan\u0131&#8217;y\u0131m ve buna g\u00f6re emir veririm. Ukrayna taraf\u0131ndan b\u00f6yle bir \u015fey yap\u0131lmad\u0131. Ben asla b\u00f6yle bir \u015fey yapmam. Bu konuda hi\u00e7bir \u015fey bilmiyordum. &#8216;Bize kan\u0131t g\u00f6sterin.&#8217; diyorum. E\u011fer ordumuzun bunu yapm\u0131\u015f olmas\u0131 gerekiyorsa, bize kan\u0131t g\u00f6sterin.&#8221; de\u011ferlendirmesinde bulundu.<\/p>\n<p>Zelenskiy, Rusya&#8217;y\u0131 Kahovka Baraj\u0131&#8217;n\u0131n havaya u\u00e7urulmas\u0131n\u0131n ard\u0131ndan kurtarma \u00e7al\u0131\u015fmalar\u0131n\u0131 b\u00fcy\u00fck \u00f6l\u00e7\u00fcde engellemekle su\u00e7layarak, &#8220;\u0130nsanlar\u0131 i\u015fgal alt\u0131ndaki b\u00f6lgeden \u00e7\u0131karmak \u00e7ok zor. Yard\u0131m g\u00f6revlilerimiz onlar\u0131 kurtarmaya \u00e7al\u0131\u015f\u0131r \u00e7al\u0131\u015fmaz \u00fczerlerine ate\u015f a\u00e7\u0131l\u0131yor.&#8221; ifadelerini kulland\u0131.<\/p>\n<p>Sular alt\u0131nda kalan yerle\u015fim birimlerindeki halk\u0131n \u00e7ekti\u011fi ac\u0131lara da dikkati \u00e7eken Zelenskiy, \u015funlar\u0131 kaydetti:<\/p>\n<p>&#8220;\u0130nsanlar, hayvanlar \u00f6ld\u00fc. Sular alt\u0131nda kalan evlerin \u00e7at\u0131lar\u0131ndan bo\u011fulmu\u015f insanlar\u0131n y\u00fczd\u00fc\u011f\u00fc g\u00f6r\u00fcl\u00fcyor. Sonu\u00e7lar ancak su biraz \u00e7ekildikten sonra g\u00f6r\u00fclebilecek.&#8221;<\/p>\n<p>Birle\u015fmi\u015f Milletler ve Uluslararas\u0131 K\u0131z\u0131lha\u00e7&#8217;\u0131 bu konuda sert bir dille ele\u015ftiren Zelenskiy, felaketin \u00fczerinden saatler ge\u00e7mesine ra\u011fmen BM ve K\u0131z\u0131lha\u00e7&#8217;\u0131n b\u00f6lgeye yard\u0131ma gelmedi\u011fini belirtti.<\/p>\n<p>Ukrayna Devlet Ba\u015fkan\u0131, daha fazla silah talebini yineleyerek, &#8220;Sava\u015f u\u00e7aklar\u0131 ve Patriot hava savunma sistemleri konusunda Ba\u015fbakan Olaf Scholz&#8217;un deste\u011fine ihtiyac\u0131m\u0131z var.&#8221; dedi.<\/p>\n<p>                            <span class=\"detay-foto-editor\">&#13;<br \/>\n                                <a href=\"https:\/\/www.aa.com.tr\/tr\/p\/abonelik-talep-formu\/1001\" target=\"_blank\" style=\"font-size:12px; color:#444; text-decoration:none;\" rel=\"noopener\">&#13;<br \/>\n                                    Anadolu Ajans\u0131 web sitesinde, AA Haber Ak\u0131\u015f Sistemi (HAS) \u00fczerinden abonelere sunulan haberler, \u00f6zetlenerek yay\u0131mlanmaktad\u0131r. <b style=\"color:#1897F7\">Abonelik i\u00e7in l\u00fctfen ileti\u015fime ge\u00e7iniz.<\/b>&#13;<br \/>\n                                <\/a>&#13;<br \/>\n                            <\/span>\n                        <\/div>\n<p><script>\n\t  window.fbAsyncInit = function() {\n\t\tFB.init({\n\t\t  appId: '1855843514662870',\n\t\t  status : true, \/\/ check login status\n\t\t  cookie : true, \/\/ enable cookies to allow the server to access the session\n\t\t  xfbml  : true  \/\/ parse XFBML\n\t\t});\n\t  };<\/p>\n<p>\t  (function() {\n\t\tvar e = document.createElement('script');\n\t\te.src=\"https:\/\/connect.facebook.net\/tr_TR\/all.js\";\n\t\te.async = true;\n\t\tdocument.getElementById('fb-root').appendChild(e);\n\t  }());\n    <\/script><\/p>\n","protected":false},"excerpt":{"rendered":"<p>Zelenksiy, Alman Axel Springer medyaya ba\u011fl\u0131 gazetelere yapt\u0131\u011f\u0131 a\u00e7\u0131klamada, Putin&#8217;in ya\u015fanan s\u0131k\u0131nt\u0131n\u0131n fark\u0131nda oldu\u011funu iddia ederek, &#8220;Bence i\u015f ortaklar\u0131 ona olan inan\u00e7lar\u0131n\u0131 kaybetti. Bu da hem orduyu hem de di\u011fer pek \u00e7ok \u015feyi etkiliyor. Putin eskiden sahip oldu\u011fu g\u00fcc\u00fc kaybetti.&#8221; ifadelerini kulland\u0131. D\u00fczenli Rus ordusu ile Wagner grubu aras\u0131ndaki ili\u015fkiye at\u0131fta bulunan Zelenskiy, hem devlet [&hellip;]<\/p>\n","protected":false},"author":1,"featured_media":6877,"comment_status":"","ping_status":"","sticky":false,"template":"","format":"standard","meta":[],"categories":[1],"tags":[],"_links":{"self":[{"href":"https:\/\/kraios.app\/news\/wp-json\/wp\/v2\/posts\/6876"}],"collection":[{"href":"https:\/\/kraios.app\/news\/wp-json\/wp\/v2\/posts"}],"about":[{"href":"https:\/\/kraios.app\/news\/wp-json\/wp\/v2\/types\/post"}],"author":[{"embeddable":true,"href":"https:\/\/kraios.app\/news\/wp-json\/wp\/v2\/users\/1"}],"replies":[{"embeddable":true,"href":"https:\/\/kraios.app\/news\/wp-json\/wp\/v2\/comments?post=6876"}],"version-history":[{"count":0,"href":"https:\/\/kraios.app\/news\/wp-json\/wp\/v2\/posts\/6876\/revisions"}],"wp:featuredmedia":[{"embeddable":true,"href":"https:\/\/kraios.app\/news\/wp-json\/wp\/v2\/media\/6877"}],"wp:attachment":[{"href":"https:\/\/kraios.app\/news\/wp-json\/wp\/v2\/media?parent=6876"}],"wp:term":[{"taxonomy":"category","embeddable":true,"href":"https:\/\/kraios.app\/news\/wp-json\/wp\/v2\/categories?post=6876"},{"taxonomy":"post_tag","embeddable":true,"href":"https:\/\/kraios.app\/news\/wp-json\/wp\/v2\/tags?post=6876"}],"curies":[{"name":"wp","href":"https:\/\/api.w.org\/{rel}","templated":true}]}}