{"id":6844,"date":"2023-06-08T03:15:53","date_gmt":"2023-06-08T03:15:53","guid":{"rendered":"https:\/\/kraios.app\/news\/gundem\/2023\/06\/08\/iranin-cidde-konsoloslugu-7-yil-aranin-ardindan-yeniden-acildi\/"},"modified":"2023-06-08T03:15:53","modified_gmt":"2023-06-08T03:15:53","slug":"iranin-cidde-konsoloslugu-7-yil-aranin-ardindan-yeniden-acildi","status":"publish","type":"post","link":"https:\/\/kraios.app\/news\/gundem\/2023\/06\/08\/iranin-cidde-konsoloslugu-7-yil-aranin-ardindan-yeniden-acildi\/","title":{"rendered":"\u0130ran&#8217;\u0131n Cidde Konsoloslu\u011fu 7 y\u0131l aran\u0131n ard\u0131ndan yeniden a\u00e7\u0131ld\u0131"},"content":{"rendered":"<p><\/p>\n<div>\n<p>\u0130ran&#8217;\u0131n resmi haber ajans\u0131 IRNA&#8217;ya g\u00f6re, Cidde Konsoloslu\u011fu ile \u0130\u0130T \u0130ran Daimi Temsilcili\u011finin a\u00e7\u0131l\u0131\u015f merasimine iki \u00fclke yetkilileri kat\u0131ld\u0131.<\/p>\n<p>\u0130ran&#8217;\u0131n Riyad B\u00fcy\u00fckel\u00e7ili\u011finin 6 Haziran&#8217;da resmi olarak a\u00e7\u0131lmas\u0131n\u0131n ard\u0131ndan Cidde Konsoloslu\u011fu ile \u0130slam \u0130\u015fbirli\u011fi Te\u015fkilat\u0131 \u0130ran Daimi Temsilcili\u011fi de yeniden a\u00e7\u0131ld\u0131.<\/p>\n<p>Riyad B\u00fcy\u00fckel\u00e7ili\u011finin resmi a\u00e7\u0131l\u0131\u015f\u0131na D\u0131\u015fi\u015fleri Bakan Yard\u0131mc\u0131s\u0131 Ali R\u0131za Bigdeli kat\u0131lm\u0131\u015ft\u0131.<\/p>\n<h3>\u0130ki \u00fclke aras\u0131nda diplomatik ili\u015fkilerin kopmas\u0131<\/h3>\n<p>Suudi Arabistan&#8217;da 2 Ocak 2016&#8217;da aralar\u0131nda \u015eii din adam\u0131 Nimr en-Nimr&#8217;in de bulundu\u011fu 47 ki\u015fi &#8220;ter\u00f6r&#8221; su\u00e7lamas\u0131yla idam edilmi\u015f, \u0130ranl\u0131 yetkililer pe\u015f pe\u015fe yapt\u0131klar\u0131 a\u00e7\u0131klamalarla idamlara tepki g\u00f6stermi\u015fti.<\/p>\n<p>A\u00e7\u0131klamalar\u0131n ard\u0131ndan, \u0130ran&#8217;daki g\u00f6stericiler Suudi Arabistan&#8217;\u0131n Tahran B\u00fcy\u00fckel\u00e7ili\u011fi ve Me\u015fhed kentindeki konsolosluk binas\u0131n\u0131 ate\u015fe vermi\u015fti.<\/p>\n<p>S\u00f6z konusu sald\u0131r\u0131lar\u0131n ard\u0131ndan Suudi Arabistan y\u00f6netimi, 3 Ocak&#8217;ta \u0130ran ile diplomatik ili\u015fkilerini kesti\u011fini duyurmu\u015ftu.<\/p>\n<h3>\u0130ran ile Suudi Arabistan aras\u0131nda ili\u015fkileri normalle\u015ftirme s\u00fcreci<\/h3>\n<p>Riyad ve Tahran, 7 y\u0131l aradan sonra 10 Mart&#8217;ta Pekin&#8217;de \u00c7inli yetkililerin arac\u0131l\u0131\u011f\u0131yla diplomatik ili\u015fkilerin iki ay i\u00e7inde yeniden ba\u015flat\u0131lmas\u0131 konusunda anla\u015fmaya varm\u0131\u015ft\u0131.<\/p>\n<p>\u0130ran D\u0131\u015fi\u015fleri Bakan\u0131 H\u00fcseyin Emir Abdullahiyan ile Suudi Arabistanl\u0131 mevkida\u015f\u0131 Faysal bin Ferhan da 6 Nisan&#8217;da Pekin&#8217;de bir araya gelmi\u015f ve iki \u00fclke b\u00fcy\u00fckel\u00e7iliklerinin yeniden a\u00e7\u0131lmas\u0131, iki \u00fclke aras\u0131ndaki u\u00e7u\u015flar\u0131n yeniden ba\u015flat\u0131lmas\u0131 ve vizelerin kolayla\u015ft\u0131r\u0131lmas\u0131 konusunda anla\u015fm\u0131\u015ft\u0131.<\/p>\n<p>Abdullahiyan, 11 May\u0131s&#8217;ta yapt\u0131\u011f\u0131 a\u00e7\u0131klamada, Suudi Arabistan&#8217;\u0131n Tahran B\u00fcy\u00fckel\u00e7isi&#8217;ni kendilerine tan\u0131tt\u0131\u011f\u0131n\u0131 ayn\u0131 \u015fekilde kendilerinin de Riyad&#8217;a atanacak b\u00fcy\u00fckel\u00e7iyi k\u0131sa s\u00fcre i\u00e7erisinde Suudi Arabistan&#8217;a bildirece\u011fini s\u00f6ylemi\u015fti.<\/p>\n<p>\u0130ran, 23 May\u0131s&#8217;ta D\u0131\u015fi\u015fleri Bakan Yard\u0131mc\u0131s\u0131 Ali R\u0131za Enayeti&#8217;nin Riyad B\u00fcy\u00fckel\u00e7isi olarak atand\u0131\u011f\u0131n\u0131 a\u00e7\u0131klam\u0131\u015f, 6 Haziran\u2019da ise \u0130ran&#8217;\u0131n Riyad B\u00fcy\u00fckel\u00e7ili\u011fi yeniden a\u00e7\u0131lm\u0131\u015ft\u0131.<\/p>\n<p>                            <span class=\"detay-foto-editor\">&#13;<br \/>\n                                <a href=\"https:\/\/www.aa.com.tr\/tr\/p\/abonelik-talep-formu\/1001\" target=\"_blank\" style=\"font-size:12px; color:#444; text-decoration:none;\" rel=\"noopener\">&#13;<br \/>\n                                    Anadolu Ajans\u0131 web sitesinde, AA Haber Ak\u0131\u015f Sistemi (HAS) \u00fczerinden abonelere sunulan haberler, \u00f6zetlenerek yay\u0131mlanmaktad\u0131r. <b style=\"color:#1897F7\">Abonelik i\u00e7in l\u00fctfen ileti\u015fime ge\u00e7iniz.<\/b>&#13;<br \/>\n                                <\/a>&#13;<br \/>\n                            <\/span>\n                        <\/div>\n<p><script>\n\t  window.fbAsyncInit = function() {\n\t\tFB.init({\n\t\t  appId: '1855843514662870',\n\t\t  status : true, \/\/ check login status\n\t\t  cookie : true, \/\/ enable cookies to allow the server to access the session\n\t\t  xfbml  : true  \/\/ parse XFBML\n\t\t});\n\t  };<\/p>\n<p>\t  (function() {\n\t\tvar e = document.createElement('script');\n\t\te.src=\"https:\/\/connect.facebook.net\/tr_TR\/all.js\";\n\t\te.async = true;\n\t\tdocument.getElementById('fb-root').appendChild(e);\n\t  }());\n    <\/script><\/p>\n","protected":false},"excerpt":{"rendered":"<p>\u0130ran&#8217;\u0131n resmi haber ajans\u0131 IRNA&#8217;ya g\u00f6re, Cidde Konsoloslu\u011fu ile \u0130\u0130T \u0130ran Daimi Temsilcili\u011finin a\u00e7\u0131l\u0131\u015f merasimine iki \u00fclke yetkilileri kat\u0131ld\u0131. \u0130ran&#8217;\u0131n Riyad B\u00fcy\u00fckel\u00e7ili\u011finin 6 Haziran&#8217;da resmi olarak a\u00e7\u0131lmas\u0131n\u0131n ard\u0131ndan Cidde Konsoloslu\u011fu ile \u0130slam \u0130\u015fbirli\u011fi Te\u015fkilat\u0131 \u0130ran Daimi Temsilcili\u011fi de yeniden a\u00e7\u0131ld\u0131. Riyad B\u00fcy\u00fckel\u00e7ili\u011finin resmi a\u00e7\u0131l\u0131\u015f\u0131na D\u0131\u015fi\u015fleri Bakan Yard\u0131mc\u0131s\u0131 Ali R\u0131za Bigdeli kat\u0131lm\u0131\u015ft\u0131. \u0130ki \u00fclke aras\u0131nda diplomatik [&hellip;]<\/p>\n","protected":false},"author":1,"featured_media":6845,"comment_status":"","ping_status":"","sticky":false,"template":"","format":"standard","meta":[],"categories":[1],"tags":[],"_links":{"self":[{"href":"https:\/\/kraios.app\/news\/wp-json\/wp\/v2\/posts\/6844"}],"collection":[{"href":"https:\/\/kraios.app\/news\/wp-json\/wp\/v2\/posts"}],"about":[{"href":"https:\/\/kraios.app\/news\/wp-json\/wp\/v2\/types\/post"}],"author":[{"embeddable":true,"href":"https:\/\/kraios.app\/news\/wp-json\/wp\/v2\/users\/1"}],"replies":[{"embeddable":true,"href":"https:\/\/kraios.app\/news\/wp-json\/wp\/v2\/comments?post=6844"}],"version-history":[{"count":0,"href":"https:\/\/kraios.app\/news\/wp-json\/wp\/v2\/posts\/6844\/revisions"}],"wp:featuredmedia":[{"embeddable":true,"href":"https:\/\/kraios.app\/news\/wp-json\/wp\/v2\/media\/6845"}],"wp:attachment":[{"href":"https:\/\/kraios.app\/news\/wp-json\/wp\/v2\/media?parent=6844"}],"wp:term":[{"taxonomy":"category","embeddable":true,"href":"https:\/\/kraios.app\/news\/wp-json\/wp\/v2\/categories?post=6844"},{"taxonomy":"post_tag","embeddable":true,"href":"https:\/\/kraios.app\/news\/wp-json\/wp\/v2\/tags?post=6844"}],"curies":[{"name":"wp","href":"https:\/\/api.w.org\/{rel}","templated":true}]}}