{"id":6832,"date":"2023-06-08T00:39:59","date_gmt":"2023-06-08T00:39:59","guid":{"rendered":"https:\/\/kraios.app\/news\/gundem\/2023\/06\/08\/numan-kurtulmusun-tbmm-baskani-secilmesine-dair-karar-resmi-gazetede-yayimlandi\/"},"modified":"2023-06-08T00:39:59","modified_gmt":"2023-06-08T00:39:59","slug":"numan-kurtulmusun-tbmm-baskani-secilmesine-dair-karar-resmi-gazetede-yayimlandi","status":"publish","type":"post","link":"https:\/\/kraios.app\/news\/gundem\/2023\/06\/08\/numan-kurtulmusun-tbmm-baskani-secilmesine-dair-karar-resmi-gazetede-yayimlandi\/","title":{"rendered":"Numan Kurtulmu\u015f&#039;un TBMM Ba\u015fkan\u0131 se\u00e7ilmesine dair karar Resmi Gazete&#039;de yay\u0131mland\u0131"},"content":{"rendered":"<p>Numan Kurtulmu\u015f&#039;un TBMM Ba\u015fkan\u0131 se\u00e7ilmesine dair karar Resmi Gazete&#039;de yay\u0131mland\u0131<\/p>\n","protected":false},"excerpt":{"rendered":"<p>Numan Kurtulmu\u015f&#039;un TBMM Ba\u015fkan\u0131 se\u00e7ilmesine dair karar Resmi Gazete&#039;de yay\u0131mland\u0131<\/p>\n","protected":false},"author":1,"featured_media":6833,"comment_status":"","ping_status":"","sticky":false,"template":"","format":"standard","meta":[],"categories":[1],"tags":[],"_links":{"self":[{"href":"https:\/\/kraios.app\/news\/wp-json\/wp\/v2\/posts\/6832"}],"collection":[{"href":"https:\/\/kraios.app\/news\/wp-json\/wp\/v2\/posts"}],"about":[{"href":"https:\/\/kraios.app\/news\/wp-json\/wp\/v2\/types\/post"}],"author":[{"embeddable":true,"href":"https:\/\/kraios.app\/news\/wp-json\/wp\/v2\/users\/1"}],"replies":[{"embeddable":true,"href":"https:\/\/kraios.app\/news\/wp-json\/wp\/v2\/comments?post=6832"}],"version-history":[{"count":0,"href":"https:\/\/kraios.app\/news\/wp-json\/wp\/v2\/posts\/6832\/revisions"}],"wp:featuredmedia":[{"embeddable":true,"href":"https:\/\/kraios.app\/news\/wp-json\/wp\/v2\/media\/6833"}],"wp:attachment":[{"href":"https:\/\/kraios.app\/news\/wp-json\/wp\/v2\/media?parent=6832"}],"wp:term":[{"taxonomy":"category","embeddable":true,"href":"https:\/\/kraios.app\/news\/wp-json\/wp\/v2\/categories?post=6832"},{"taxonomy":"post_tag","embeddable":true,"href":"https:\/\/kraios.app\/news\/wp-json\/wp\/v2\/tags?post=6832"}],"curies":[{"name":"wp","href":"https:\/\/api.w.org\/{rel}","templated":true}]}}