{"id":6797,"date":"2023-06-07T14:39:04","date_gmt":"2023-06-07T14:39:04","guid":{"rendered":"https:\/\/kraios.app\/news\/gundem\/2023\/06\/07\/isvicre-eyaletler-konseyi-ulkede-uretilen-silahlarin-yeniden-ihracina-izin-verilmesini-kabul-etti\/"},"modified":"2023-06-07T14:39:04","modified_gmt":"2023-06-07T14:39:04","slug":"isvicre-eyaletler-konseyi-ulkede-uretilen-silahlarin-yeniden-ihracina-izin-verilmesini-kabul-etti","status":"publish","type":"post","link":"https:\/\/kraios.app\/news\/gundem\/2023\/06\/07\/isvicre-eyaletler-konseyi-ulkede-uretilen-silahlarin-yeniden-ihracina-izin-verilmesini-kabul-etti\/","title":{"rendered":"\u0130svi\u00e7re Eyaletler Konseyi \u00fclkede \u00fcretilen silahlar\u0131n yeniden ihrac\u0131na izin verilmesini kabul etti"},"content":{"rendered":"<p><\/p>\n<div>\n<p>\u0130svi\u00e7re Parlamentosu&#8217;ndan yap\u0131lan yaz\u0131l\u0131 a\u00e7\u0131klamada, Eyaletler Konseyinde \u0130svi\u00e7re yap\u0131m\u0131 silahlar\u0131n yeniden ihracat\u0131na izin veren karar, 17&#8217;ye kar\u015f\u0131 22 oyla kabul edilirken, 4 \u00fcye \u00e7ekimser kald\u0131.<\/p>\n<p>A\u00e7\u0131klamada, &#8220;\u0130svi\u00e7re&#8217;den sava\u015f malzemesi sat\u0131n alan \u00fclkelerin, ko\u015fullara ba\u011fl\u0131 olarak, silahl\u0131 \u00e7at\u0131\u015fmalara kar\u0131\u015fan \u00fclkelere \u0130svi\u00e7re yap\u0131m\u0131 silahlar\u0131n yeniden ihrac\u0131na izin verilmelidir.&#8221; ifadesi yer ald\u0131.<\/p>\n<p>Yeni karar\u0131n geriye d\u00f6n\u00fck olaca\u011f\u0131 ve yeniden ihracat i\u00e7in yaln\u0131zca &#8220;insan haklar\u0131n\u0131 ihlal etmeyen ve sivil n\u00fcfusa kar\u015f\u0131 silah kullanmayan hedef \u00fclkelere&#8221; izin verilece\u011fi de kaydedildi.<\/p>\n<p>A\u00e7\u0131klamada, gelecekte \u0130svi\u00e7re Federal Meclisi&#8217;nin silah ihracat\u0131 i\u00e7in vaka bazl\u0131 karar almak zorunda kalmayaca\u011f\u0131 da belirtildi.<\/p>\n<p>Rusya-Ukrayna sava\u015f\u0131n\u0131n ba\u015flamas\u0131n\u0131n ard\u0131ndan \u0130svi\u00e7re yap\u0131m\u0131 silahlar\u0131n \u00fc\u00e7\u00fcnc\u00fc \u00fclkelere yeniden ihracat\u0131 g\u00fcndeme geldi.<\/p>\n<p>\u0130svi\u00e7re&#8217;de Temsilciler Meclisi, ge\u00e7en ay da \u0130svi\u00e7re&#8217;nin Ukrayna&#8217;ya silah ihra\u00e7 etme kurallar\u0131n\u0131 gev\u015fetmeyece\u011fine y\u00f6nelik karar alm\u0131\u015ft\u0131.<\/p>\n<h3>\u0130svi\u00e7re bask\u0131 alt\u0131nda<\/h3>\n<p>\u015eubat 2022&#8217;de Rusya-Ukrayna Sava\u015f\u0131&#8217;n\u0131n ba\u015flamas\u0131ndan bu yana Bern h\u00fck\u00fcmeti, Almanya, \u0130spanya ve Danimarka&#8217;n\u0131n \u0130svi\u00e7re&#8217;den sat\u0131n al\u0131nan askeri te\u00e7hizat\u0131n Kiev&#8217;e yeniden ihra\u00e7 edilmesine y\u00f6nelik \u00e7e\u015fitli taleplerini reddetti.<\/p>\n<p>Bu konu, \u00fclkede tarafs\u0131zl\u0131k ve silah ihracat\u0131 kurallar\u0131n\u0131n gev\u015fetilmesi gerekti\u011fi tart\u0131\u015fmalar\u0131na yol a\u00e7t\u0131.<\/p>\n<p>\u0130svi\u00e7re&#8217;nin Davos kasabas\u0131nda ocakta d\u00fczenlenen D\u00fcnya Ekonomik Forumu&#8217;nda ve di\u011fer uluslararas\u0131 organizasyonlarda &#8220;politikalar\u0131n\u0131 yeniden g\u00f6zden ge\u00e7irmesi&#8221; i\u00e7in Bern y\u00f6netimi \u00fczerindeki bask\u0131n\u0131n artt\u0131\u011f\u0131 g\u00f6zleniyor.<\/p>\n<p>\u0130svi\u00e7re, silahlar\u0131n\u0131 sat\u0131n alan \u00fclkelerin bunlar\u0131 yeniden ihra\u00e7 etmek i\u00e7in izin istemesini \u015fart ko\u015fuyor.<\/p>\n<p>\u0130svi\u00e7re Konfederasyonu Ba\u015fkan\u0131 Alain Berset, tarafs\u0131zl\u0131k yasas\u0131n\u0131n \u0130svi\u00e7re silahlar\u0131n\u0131n ihracat\u0131n\u0131n yan\u0131 s\u0131ra yeniden ihracat\u0131n\u0131 da yasaklad\u0131\u011f\u0131na i\u015faret etmi\u015fti.<\/p>\n<p>Berset, bu maddenin ortak \u00fclkelerle imzalanan s\u00f6zle\u015fmelerin par\u00e7as\u0131 oldu\u011funu belirtmi\u015fti.<\/p>\n<p>                            <span class=\"detay-foto-editor\">&#13;<br \/>\n                                <a href=\"https:\/\/www.aa.com.tr\/tr\/p\/abonelik-talep-formu\/1001\" target=\"_blank\" style=\"font-size:12px; color:#444; text-decoration:none;\" rel=\"noopener\">&#13;<br \/>\n                                    Anadolu Ajans\u0131 web sitesinde, AA Haber Ak\u0131\u015f Sistemi (HAS) \u00fczerinden abonelere sunulan haberler, \u00f6zetlenerek yay\u0131mlanmaktad\u0131r. <b style=\"color:#1897F7\">Abonelik i\u00e7in l\u00fctfen ileti\u015fime ge\u00e7iniz.<\/b>&#13;<br \/>\n                                <\/a>&#13;<br \/>\n                            <\/span>\n                        <\/div>\n<p><script>\n\t  window.fbAsyncInit = function() {\n\t\tFB.init({\n\t\t  appId: '1855843514662870',\n\t\t  status : true, \/\/ check login status\n\t\t  cookie : true, \/\/ enable cookies to allow the server to access the session\n\t\t  xfbml  : true  \/\/ parse XFBML\n\t\t});\n\t  };<\/p>\n<p>\t  (function() {\n\t\tvar e = document.createElement('script');\n\t\te.src=\"https:\/\/connect.facebook.net\/tr_TR\/all.js\";\n\t\te.async = true;\n\t\tdocument.getElementById('fb-root').appendChild(e);\n\t  }());\n    <\/script><\/p>\n","protected":false},"excerpt":{"rendered":"<p>\u0130svi\u00e7re Parlamentosu&#8217;ndan yap\u0131lan yaz\u0131l\u0131 a\u00e7\u0131klamada, Eyaletler Konseyinde \u0130svi\u00e7re yap\u0131m\u0131 silahlar\u0131n yeniden ihracat\u0131na izin veren karar, 17&#8217;ye kar\u015f\u0131 22 oyla kabul edilirken, 4 \u00fcye \u00e7ekimser kald\u0131. A\u00e7\u0131klamada, &#8220;\u0130svi\u00e7re&#8217;den sava\u015f malzemesi sat\u0131n alan \u00fclkelerin, ko\u015fullara ba\u011fl\u0131 olarak, silahl\u0131 \u00e7at\u0131\u015fmalara kar\u0131\u015fan \u00fclkelere \u0130svi\u00e7re yap\u0131m\u0131 silahlar\u0131n yeniden ihrac\u0131na izin verilmelidir.&#8221; ifadesi yer ald\u0131. Yeni karar\u0131n geriye d\u00f6n\u00fck olaca\u011f\u0131 ve [&hellip;]<\/p>\n","protected":false},"author":1,"featured_media":6798,"comment_status":"","ping_status":"","sticky":false,"template":"","format":"standard","meta":[],"categories":[1],"tags":[],"_links":{"self":[{"href":"https:\/\/kraios.app\/news\/wp-json\/wp\/v2\/posts\/6797"}],"collection":[{"href":"https:\/\/kraios.app\/news\/wp-json\/wp\/v2\/posts"}],"about":[{"href":"https:\/\/kraios.app\/news\/wp-json\/wp\/v2\/types\/post"}],"author":[{"embeddable":true,"href":"https:\/\/kraios.app\/news\/wp-json\/wp\/v2\/users\/1"}],"replies":[{"embeddable":true,"href":"https:\/\/kraios.app\/news\/wp-json\/wp\/v2\/comments?post=6797"}],"version-history":[{"count":0,"href":"https:\/\/kraios.app\/news\/wp-json\/wp\/v2\/posts\/6797\/revisions"}],"wp:featuredmedia":[{"embeddable":true,"href":"https:\/\/kraios.app\/news\/wp-json\/wp\/v2\/media\/6798"}],"wp:attachment":[{"href":"https:\/\/kraios.app\/news\/wp-json\/wp\/v2\/media?parent=6797"}],"wp:term":[{"taxonomy":"category","embeddable":true,"href":"https:\/\/kraios.app\/news\/wp-json\/wp\/v2\/categories?post=6797"},{"taxonomy":"post_tag","embeddable":true,"href":"https:\/\/kraios.app\/news\/wp-json\/wp\/v2\/tags?post=6797"}],"curies":[{"name":"wp","href":"https:\/\/api.w.org\/{rel}","templated":true}]}}