{"id":6785,"date":"2023-06-07T12:32:46","date_gmt":"2023-06-07T12:32:46","guid":{"rendered":"https:\/\/kraios.app\/news\/gundem\/2023\/06\/07\/fenerbahce-opette-stefano-lavarini-donemi\/"},"modified":"2023-06-07T12:32:46","modified_gmt":"2023-06-07T12:32:46","slug":"fenerbahce-opette-stefano-lavarini-donemi","status":"publish","type":"post","link":"https:\/\/kraios.app\/news\/gundem\/2023\/06\/07\/fenerbahce-opette-stefano-lavarini-donemi\/","title":{"rendered":"Fenerbah\u00e7e Opet&#039;te Stefano Lavarini d\u00f6nemi"},"content":{"rendered":"<p>Fenerbah\u00e7e Kul\u00fcb\u00fc, kad\u0131n voleybol tak\u0131m\u0131n\u0131n ba\u015fantren\u00f6rl\u00fc\u011f\u00fcne \u0130talyan Stefano Lavarini&#8217;nin getirildi\u011fini duyurdu.<\/p>\n","protected":false},"excerpt":{"rendered":"<p>Fenerbah\u00e7e Kul\u00fcb\u00fc, kad\u0131n voleybol tak\u0131m\u0131n\u0131n ba\u015fantren\u00f6rl\u00fc\u011f\u00fcne \u0130talyan Stefano Lavarini&#8217;nin getirildi\u011fini duyurdu.<\/p>\n","protected":false},"author":1,"featured_media":6786,"comment_status":"","ping_status":"","sticky":false,"template":"","format":"standard","meta":[],"categories":[1],"tags":[],"_links":{"self":[{"href":"https:\/\/kraios.app\/news\/wp-json\/wp\/v2\/posts\/6785"}],"collection":[{"href":"https:\/\/kraios.app\/news\/wp-json\/wp\/v2\/posts"}],"about":[{"href":"https:\/\/kraios.app\/news\/wp-json\/wp\/v2\/types\/post"}],"author":[{"embeddable":true,"href":"https:\/\/kraios.app\/news\/wp-json\/wp\/v2\/users\/1"}],"replies":[{"embeddable":true,"href":"https:\/\/kraios.app\/news\/wp-json\/wp\/v2\/comments?post=6785"}],"version-history":[{"count":0,"href":"https:\/\/kraios.app\/news\/wp-json\/wp\/v2\/posts\/6785\/revisions"}],"wp:featuredmedia":[{"embeddable":true,"href":"https:\/\/kraios.app\/news\/wp-json\/wp\/v2\/media\/6786"}],"wp:attachment":[{"href":"https:\/\/kraios.app\/news\/wp-json\/wp\/v2\/media?parent=6785"}],"wp:term":[{"taxonomy":"category","embeddable":true,"href":"https:\/\/kraios.app\/news\/wp-json\/wp\/v2\/categories?post=6785"},{"taxonomy":"post_tag","embeddable":true,"href":"https:\/\/kraios.app\/news\/wp-json\/wp\/v2\/tags?post=6785"}],"curies":[{"name":"wp","href":"https:\/\/api.w.org\/{rel}","templated":true}]}}