{"id":6761,"date":"2023-06-07T03:20:05","date_gmt":"2023-06-07T03:20:05","guid":{"rendered":"https:\/\/kraios.app\/news\/gundem\/2023\/06\/07\/haitide-meydana-gelen-sel-ve-heyelanlarda-olenlerin-sayisi-51e-yukseldi\/"},"modified":"2023-06-07T03:20:05","modified_gmt":"2023-06-07T03:20:05","slug":"haitide-meydana-gelen-sel-ve-heyelanlarda-olenlerin-sayisi-51e-yukseldi","status":"publish","type":"post","link":"https:\/\/kraios.app\/news\/gundem\/2023\/06\/07\/haitide-meydana-gelen-sel-ve-heyelanlarda-olenlerin-sayisi-51e-yukseldi\/","title":{"rendered":"Haiti&#039;de meydana gelen sel ve heyelanlarda \u00f6lenlerin say\u0131s\u0131 51&#039;e y\u00fckseldi"},"content":{"rendered":"<p>Haiti&#8217;de \u015fiddetli ya\u011f\u0131\u015flar\u0131n yol a\u00e7t\u0131\u011f\u0131 sel ve heyelanlarda hayat\u0131n\u0131 kaybedenlerin say\u0131s\u0131 51&#8217;e \u00e7\u0131kt\u0131.<\/p>\n","protected":false},"excerpt":{"rendered":"<p>Haiti&#8217;de \u015fiddetli ya\u011f\u0131\u015flar\u0131n yol a\u00e7t\u0131\u011f\u0131 sel ve heyelanlarda hayat\u0131n\u0131 kaybedenlerin say\u0131s\u0131 51&#8217;e \u00e7\u0131kt\u0131.<\/p>\n","protected":false},"author":1,"featured_media":6762,"comment_status":"","ping_status":"","sticky":false,"template":"","format":"standard","meta":[],"categories":[1],"tags":[],"_links":{"self":[{"href":"https:\/\/kraios.app\/news\/wp-json\/wp\/v2\/posts\/6761"}],"collection":[{"href":"https:\/\/kraios.app\/news\/wp-json\/wp\/v2\/posts"}],"about":[{"href":"https:\/\/kraios.app\/news\/wp-json\/wp\/v2\/types\/post"}],"author":[{"embeddable":true,"href":"https:\/\/kraios.app\/news\/wp-json\/wp\/v2\/users\/1"}],"replies":[{"embeddable":true,"href":"https:\/\/kraios.app\/news\/wp-json\/wp\/v2\/comments?post=6761"}],"version-history":[{"count":0,"href":"https:\/\/kraios.app\/news\/wp-json\/wp\/v2\/posts\/6761\/revisions"}],"wp:featuredmedia":[{"embeddable":true,"href":"https:\/\/kraios.app\/news\/wp-json\/wp\/v2\/media\/6762"}],"wp:attachment":[{"href":"https:\/\/kraios.app\/news\/wp-json\/wp\/v2\/media?parent=6761"}],"wp:term":[{"taxonomy":"category","embeddable":true,"href":"https:\/\/kraios.app\/news\/wp-json\/wp\/v2\/categories?post=6761"},{"taxonomy":"post_tag","embeddable":true,"href":"https:\/\/kraios.app\/news\/wp-json\/wp\/v2\/tags?post=6761"}],"curies":[{"name":"wp","href":"https:\/\/api.w.org\/{rel}","templated":true}]}}