{"id":6644,"date":"2023-06-05T15:20:05","date_gmt":"2023-06-05T15:20:05","guid":{"rendered":"https:\/\/kraios.app\/news\/gundem\/2023\/06\/05\/dunyanin-en-buyuk-ucak-gemisi-nato-komutasinda\/"},"modified":"2023-06-05T15:20:05","modified_gmt":"2023-06-05T15:20:05","slug":"dunyanin-en-buyuk-ucak-gemisi-nato-komutasinda","status":"publish","type":"post","link":"https:\/\/kraios.app\/news\/gundem\/2023\/06\/05\/dunyanin-en-buyuk-ucak-gemisi-nato-komutasinda\/","title":{"rendered":"D\u00fcnyan\u0131n en b\u00fcy\u00fck u\u00e7ak gemisi NATO komutas\u0131nda"},"content":{"rendered":"<p>ABD&#8217;ye ait USS Gerald R. Ford u\u00e7ak gemisi, Norve\u00e7 Denizi&#8217;ndeki planl\u0131 faaliyetler kapsam\u0131nda ge\u00e7ici olarak NATO komutas\u0131 alt\u0131na girdi.<\/p>\n","protected":false},"excerpt":{"rendered":"<p>ABD&#8217;ye ait USS Gerald R. Ford u\u00e7ak gemisi, Norve\u00e7 Denizi&#8217;ndeki planl\u0131 faaliyetler kapsam\u0131nda ge\u00e7ici olarak NATO komutas\u0131 alt\u0131na girdi.<\/p>\n","protected":false},"author":1,"featured_media":6645,"comment_status":"","ping_status":"","sticky":false,"template":"","format":"standard","meta":[],"categories":[1],"tags":[],"_links":{"self":[{"href":"https:\/\/kraios.app\/news\/wp-json\/wp\/v2\/posts\/6644"}],"collection":[{"href":"https:\/\/kraios.app\/news\/wp-json\/wp\/v2\/posts"}],"about":[{"href":"https:\/\/kraios.app\/news\/wp-json\/wp\/v2\/types\/post"}],"author":[{"embeddable":true,"href":"https:\/\/kraios.app\/news\/wp-json\/wp\/v2\/users\/1"}],"replies":[{"embeddable":true,"href":"https:\/\/kraios.app\/news\/wp-json\/wp\/v2\/comments?post=6644"}],"version-history":[{"count":0,"href":"https:\/\/kraios.app\/news\/wp-json\/wp\/v2\/posts\/6644\/revisions"}],"wp:featuredmedia":[{"embeddable":true,"href":"https:\/\/kraios.app\/news\/wp-json\/wp\/v2\/media\/6645"}],"wp:attachment":[{"href":"https:\/\/kraios.app\/news\/wp-json\/wp\/v2\/media?parent=6644"}],"wp:term":[{"taxonomy":"category","embeddable":true,"href":"https:\/\/kraios.app\/news\/wp-json\/wp\/v2\/categories?post=6644"},{"taxonomy":"post_tag","embeddable":true,"href":"https:\/\/kraios.app\/news\/wp-json\/wp\/v2\/tags?post=6644"}],"curies":[{"name":"wp","href":"https:\/\/api.w.org\/{rel}","templated":true}]}}