{"id":6622,"date":"2023-06-05T05:20:18","date_gmt":"2023-06-05T05:20:18","guid":{"rendered":"https:\/\/kraios.app\/news\/gundem\/2023\/06\/05\/zlatan-ibrahimovic-futbolu-birakti\/"},"modified":"2023-06-05T05:20:18","modified_gmt":"2023-06-05T05:20:18","slug":"zlatan-ibrahimovic-futbolu-birakti","status":"publish","type":"post","link":"https:\/\/kraios.app\/news\/gundem\/2023\/06\/05\/zlatan-ibrahimovic-futbolu-birakti\/","title":{"rendered":"Zlatan \u0130brahimovic, futbolu b\u0131rakt\u0131"},"content":{"rendered":"<p>\u0130talya Birinci Futbol Ligi (Serie A) tak\u0131mlar\u0131ndan Milan&#8217;da forma giyen 41 ya\u015f\u0131ndaki \u0130sve\u00e7li golc\u00fc Zlatan \u0130brahimovic, aktif futbolculuk kariyerini noktalad\u0131\u011f\u0131n\u0131 a\u00e7\u0131klad\u0131.<\/p>\n","protected":false},"excerpt":{"rendered":"<p>\u0130talya Birinci Futbol Ligi (Serie A) tak\u0131mlar\u0131ndan Milan&#8217;da forma giyen 41 ya\u015f\u0131ndaki \u0130sve\u00e7li golc\u00fc Zlatan \u0130brahimovic, aktif futbolculuk kariyerini noktalad\u0131\u011f\u0131n\u0131 a\u00e7\u0131klad\u0131.<\/p>\n","protected":false},"author":1,"featured_media":6623,"comment_status":"","ping_status":"","sticky":false,"template":"","format":"standard","meta":[],"categories":[1],"tags":[],"_links":{"self":[{"href":"https:\/\/kraios.app\/news\/wp-json\/wp\/v2\/posts\/6622"}],"collection":[{"href":"https:\/\/kraios.app\/news\/wp-json\/wp\/v2\/posts"}],"about":[{"href":"https:\/\/kraios.app\/news\/wp-json\/wp\/v2\/types\/post"}],"author":[{"embeddable":true,"href":"https:\/\/kraios.app\/news\/wp-json\/wp\/v2\/users\/1"}],"replies":[{"embeddable":true,"href":"https:\/\/kraios.app\/news\/wp-json\/wp\/v2\/comments?post=6622"}],"version-history":[{"count":0,"href":"https:\/\/kraios.app\/news\/wp-json\/wp\/v2\/posts\/6622\/revisions"}],"wp:featuredmedia":[{"embeddable":true,"href":"https:\/\/kraios.app\/news\/wp-json\/wp\/v2\/media\/6623"}],"wp:attachment":[{"href":"https:\/\/kraios.app\/news\/wp-json\/wp\/v2\/media?parent=6622"}],"wp:term":[{"taxonomy":"category","embeddable":true,"href":"https:\/\/kraios.app\/news\/wp-json\/wp\/v2\/categories?post=6622"},{"taxonomy":"post_tag","embeddable":true,"href":"https:\/\/kraios.app\/news\/wp-json\/wp\/v2\/tags?post=6622"}],"curies":[{"name":"wp","href":"https:\/\/api.w.org\/{rel}","templated":true}]}}