{"id":6553,"date":"2023-06-04T18:23:24","date_gmt":"2023-06-04T18:23:24","guid":{"rendered":"https:\/\/kraios.app\/news\/gundem\/2023\/06\/04\/ikna-calismalari-sonucu-2-terorist-teslim-oldu\/"},"modified":"2023-06-04T18:23:24","modified_gmt":"2023-06-04T18:23:24","slug":"ikna-calismalari-sonucu-2-terorist-teslim-oldu","status":"publish","type":"post","link":"https:\/\/kraios.app\/news\/gundem\/2023\/06\/04\/ikna-calismalari-sonucu-2-terorist-teslim-oldu\/","title":{"rendered":"\u0130kna \u00e7al\u0131\u015fmalar\u0131 sonucu 2 ter\u00f6rist teslim oldu"},"content":{"rendered":"<p>\u0130\u00e7i\u015fleri Bakanl\u0131\u011f\u0131, ikna \u00e7al\u0131\u015fmalar\u0131 sonucu ter\u00f6r \u00f6rg\u00fct\u00fc PKK&#8217;dan ka\u00e7an 2 ter\u00f6ristin daha g\u00fcvenlik g\u00fc\u00e7lerine teslim oldu\u011funu bildirdi.<\/p>\n","protected":false},"excerpt":{"rendered":"<p>\u0130\u00e7i\u015fleri Bakanl\u0131\u011f\u0131, ikna \u00e7al\u0131\u015fmalar\u0131 sonucu ter\u00f6r \u00f6rg\u00fct\u00fc PKK&#8217;dan ka\u00e7an 2 ter\u00f6ristin daha g\u00fcvenlik g\u00fc\u00e7lerine teslim oldu\u011funu bildirdi.<\/p>\n","protected":false},"author":1,"featured_media":6554,"comment_status":"","ping_status":"","sticky":false,"template":"","format":"standard","meta":[],"categories":[1],"tags":[],"_links":{"self":[{"href":"https:\/\/kraios.app\/news\/wp-json\/wp\/v2\/posts\/6553"}],"collection":[{"href":"https:\/\/kraios.app\/news\/wp-json\/wp\/v2\/posts"}],"about":[{"href":"https:\/\/kraios.app\/news\/wp-json\/wp\/v2\/types\/post"}],"author":[{"embeddable":true,"href":"https:\/\/kraios.app\/news\/wp-json\/wp\/v2\/users\/1"}],"replies":[{"embeddable":true,"href":"https:\/\/kraios.app\/news\/wp-json\/wp\/v2\/comments?post=6553"}],"version-history":[{"count":0,"href":"https:\/\/kraios.app\/news\/wp-json\/wp\/v2\/posts\/6553\/revisions"}],"wp:featuredmedia":[{"embeddable":true,"href":"https:\/\/kraios.app\/news\/wp-json\/wp\/v2\/media\/6554"}],"wp:attachment":[{"href":"https:\/\/kraios.app\/news\/wp-json\/wp\/v2\/media?parent=6553"}],"wp:term":[{"taxonomy":"category","embeddable":true,"href":"https:\/\/kraios.app\/news\/wp-json\/wp\/v2\/categories?post=6553"},{"taxonomy":"post_tag","embeddable":true,"href":"https:\/\/kraios.app\/news\/wp-json\/wp\/v2\/tags?post=6553"}],"curies":[{"name":"wp","href":"https:\/\/api.w.org\/{rel}","templated":true}]}}