{"id":6531,"date":"2023-06-04T12:05:45","date_gmt":"2023-06-04T12:05:45","guid":{"rendered":"https:\/\/kraios.app\/news\/gundem\/2023\/06\/04\/filistinde-israil-siddetinin-son-hedefi-2-yasindaki-bir-bebek\/"},"modified":"2023-06-04T12:05:45","modified_gmt":"2023-06-04T12:05:45","slug":"filistinde-israil-siddetinin-son-hedefi-2-yasindaki-bir-bebek","status":"publish","type":"post","link":"https:\/\/kraios.app\/news\/gundem\/2023\/06\/04\/filistinde-israil-siddetinin-son-hedefi-2-yasindaki-bir-bebek\/","title":{"rendered":"Filistin&#8217;de \u0130srail \u015fiddetinin son hedefi 2 ya\u015f\u0131ndaki bir bebek"},"content":{"rendered":"<p><\/p>\n<div>\n<p>Filistinli bebek ile babas\u0131, 1 Haziran Per\u015fembe g\u00fcn\u00fc i\u015fgal alt\u0131ndaki Bat\u0131 \u015eeria&#8217;n\u0131n Ramallah kentine ba\u011fl\u0131 Nebi Salih beldesinde \u0130srail kur\u015funlar\u0131n\u0131n hedefi oldu.<\/p>\n<p>Hen\u00fcz 2 ya\u015f\u0131ndaki bir bebe\u011fi ba\u015f\u0131ndan vurarak a\u011f\u0131r \u015fekilde yaralayan \u0130srail ordusu, olaydan bir g\u00fcn sonra yapt\u0131\u011f\u0131 a\u00e7\u0131klamada &#8220;Filistinli bebek i\u00e7in \u00fczg\u00fcn olduklar\u0131n\u0131&#8221; ifade etmekle yetindi.<\/p>\n<p>Filistinli baba Heysem et-Temimi, o\u011flunun tedavi g\u00f6rd\u00fc\u011f\u00fc Ramallah&#8217;taki El-\u0130sti\u015fari Hastanesi&#8217;nde AA muhabirine a\u00e7\u0131klamalarda bulundu.<\/p>\n<h3>&#8220;\u0130srail, birka\u00e7 dakika i\u00e7inde hayat\u0131m\u0131z\u0131 alt\u00fcst etti&#8221;<\/h3>\n<p>Temimi, &#8220;\u0130srail ordusu, kasaban\u0131n giri\u015finde bir askeri kontrol noktas\u0131 kuruyor ve genellikle burada \u00e7at\u0131\u015fmalar \u00e7\u0131k\u0131yor. Evim askeri kontrol noktas\u0131na yak\u0131n oldu\u011fu i\u00e7in bu durumlarla kar\u015f\u0131la\u015f\u0131yordum ve hayat\u0131m\u0131 normal seyrinde s\u00fcrd\u00fcr\u00fcyordum.&#8221; dedi.<\/p>\n<p>\u0130srail g\u00fc\u00e7lerinin evini kasten hedef ald\u0131\u011f\u0131n\u0131 belirten Temimi, &#8220;G\u00f6r\u00fcnen o ki evimin yak\u0131n\u0131nda o an fark edemedi\u011fim bir pusu kurulmu\u015f. \u00c7\u00fcnk\u00fc yaraland\u0131ktan sonra evimin \u00e7evresinden askeri kontrol noktas\u0131na do\u011fru ilerleyen askerleri g\u00f6rd\u00fcm. \u0130srail, birka\u00e7 dakika i\u00e7inde hayat\u0131m\u0131z\u0131 alt\u00fcst etti.&#8221; diye konu\u015ftu.<\/p>\n<h3>\u00a0&#8220;Filistinli silahl\u0131 ki\u015filerin ate\u015f a\u00e7t\u0131\u011f\u0131 ve \u0130srail ordusunun buna misilleme yapt\u0131\u011f\u0131 iddias\u0131 do\u011fru de\u011fil&#8221;<\/h3>\n<p>Temimi, \u015f\u00f6yle devam etti:<\/p>\n<p>&#8220;Filistinli silahl\u0131 baz\u0131 ki\u015filerin Yahudi yerle\u015fim birimi y\u00f6n\u00fcne ate\u015f a\u00e7t\u0131\u011f\u0131 ve \u0130srail ordusunun buna misilleme yapt\u0131\u011f\u0131 y\u00f6n\u00fcndeki iddialar do\u011fru de\u011fil. \u00d6ncesinde herhangi bir silah sesi duymad\u0131k. \u0130lk olarak \u0130srail askerleri evime ate\u015f a\u00e7t\u0131. Bir akrabam\u0131z\u0131 ziyaret etmek i\u00e7in evden \u00e7\u0131k\u0131p arac\u0131m\u0131za bindi\u011fimiz s\u0131rada \u00fczerimize ate\u015f a\u00e7\u0131ld\u0131 ve bu olay ya\u015fand\u0131. Arac\u0131 ters istikamete s\u00fcrmeye \u00e7al\u0131\u015ft\u0131m ancak ikinci kez ate\u015f a\u00e7\u0131ld\u0131.&#8221;<\/p>\n<p>Temimi, ba\u015flang\u0131\u00e7ta yaraland\u0131\u011f\u0131n\u0131 anlamad\u0131\u011f\u0131n\u0131 ancak arka taraf\u0131na d\u00f6nd\u00fc\u011f\u00fcnde bebe\u011fini yaral\u0131 bir \u015fekilde arka koltu\u011fa uzanm\u0131\u015f halde g\u00f6r\u00fcnce b\u00fcy\u00fck \u015fok ya\u015fad\u0131\u011f\u0131n\u0131 dile getirdi.<\/p>\n<p>Sald\u0131r\u0131da arac\u0131n camlar\u0131n\u0131n k\u0131r\u0131ld\u0131\u011f\u0131n\u0131 aktaran Temimi, &#8220;O\u011flumun yaraland\u0131\u011f\u0131n\u0131 g\u00f6r\u00fcnce h\u0131zl\u0131ca kom\u015fular\u0131m\u0131n yan\u0131na g\u00f6t\u00fcrd\u00fcm. Kasabadan \u00e7\u0131kmak isterken \u00f6nce askerler engel oldu, daha sonra ambulans \u00e7a\u011f\u0131r\u0131ld\u0131.&#8221; \u015feklinde konu\u015ftu.<\/p>\n<h3>Filistinli bebek, kafas\u0131ndaki kur\u015funun \u00e7\u0131kar\u0131lmas\u0131 i\u00e7in ileride bir operasyon ge\u00e7irecek<\/h3>\n<p>O\u011flunun hayati tehlikeyi atlatt\u0131\u011f\u0131n\u0131 aktaran Filistinli baba, ancak k\u00fc\u00e7\u00fck Muhammed&#8217;in sa\u011fl\u0131k durumunun de\u011ferlendirilece\u011fini ve kafas\u0131n\u0131n i\u00e7indeki kur\u015funun \u00e7\u0131kar\u0131lmas\u0131 i\u00e7in ileride bir operasyon ge\u00e7irmesi gerekti\u011fini ifade etti.<\/p>\n<p>Temimi, &#8220;Muhammed&#8217;in sa\u011fl\u0131\u011f\u0131na kavu\u015fmas\u0131n\u0131 istiyorum. Allah korusun o\u011flumun yoklu\u011funu hi\u00e7bir \u015fey telafi edemez. O benim her zaman yol arkada\u015f\u0131m. Daha \u00e7ok k\u00fc\u00e7\u00fck olmas\u0131na ra\u011fmen g\u00fcler y\u00fczl\u00fc, tatl\u0131 ve herkes taraf\u0131ndan sevilen bir bebek.&#8221; dedi.<\/p>\n<p>Hen\u00fcz \u0130srail ordusuna kar\u015f\u0131 bir dava a\u00e7mad\u0131\u011f\u0131n\u0131 kaydeden Temimi, &#8220;\u0130\u015fgal g\u00fc\u00e7lerinin, bu t\u00fcr meselelerle nas\u0131l ba\u015fa \u00e7\u0131kt\u0131\u011f\u0131n\u0131 biliyoruz. Orduyu koruyan bir g\u00fc\u00e7 var. O\u011flum da i\u015fgal alt\u0131ndaki topraklarda yeni bir kurban.&#8221; ifadelerini kulland\u0131.<\/p>\n<h3>Ne olmu\u015ftu?<\/h3>\n<p>\u0130srail askerleri, 1 Haziran ak\u015fam\u0131, Bat\u0131 \u015eeria&#8217;daki yasa d\u0131\u015f\u0131 Yahudi yerle\u015fim birimi Neveh Tzuf\u2019a ate\u015f eden Filistinlileri bulmak gerek\u00e7esiyle civardaki Nebi Salih beldesine bask\u0131n d\u00fczenlemi\u015f, beldeye giri\u015f-\u00e7\u0131k\u0131\u015flar\u0131 kapatm\u0131\u015ft\u0131.<\/p>\n<p>Bask\u0131n s\u0131ras\u0131nda \u0130srail askerlerinin a\u00e7t\u0131\u011f\u0131 ate\u015f sonucu 2 ya\u015f\u0131ndaki Muhammed ba\u015f\u0131ndan, babas\u0131 da omzundan yaralanm\u0131\u015ft\u0131.<\/p>\n<p>\u0130srail ordusundan yap\u0131lan a\u00e7\u0131klamada, &#8220;Filistinli silahl\u0131 baz\u0131 ki\u015filerin Nebi Salih beldesi yak\u0131n\u0131ndaki Yahudi yerle\u015fim birimi Neveh Tzuf y\u00f6n\u00fcne ate\u015f a\u00e7t\u0131\u011f\u0131, \u00e7evredeki \u0130srail askerlerinin de bu Filistinlilere ate\u015fle kar\u015f\u0131l\u0131k verdi\u011fi&#8221; ifade edilmi\u015fti.<\/p>\n<p>\u0130srail acil yard\u0131m servisi K\u0131z\u0131l Davut Y\u0131ld\u0131z\u0131 da yapt\u0131\u011f\u0131 a\u00e7\u0131klamada, bebe\u011fin kalbinin, yap\u0131lan m\u00fcdahalenin ard\u0131ndan yeniden atmaya ba\u015flad\u0131\u011f\u0131n\u0131 ancak durumunun ciddiyetini korudu\u011funu ve Sheba Tel HaShomer Hastanesi&#8217;ne nakledildi\u011fini duyurmu\u015ftu.<\/p>\n<p>                            <span class=\"detay-foto-editor\">&#13;<br \/>\n                                <a href=\"https:\/\/www.aa.com.tr\/tr\/p\/abonelik-talep-formu\/1001\" target=\"_blank\" style=\"font-size:12px; color:#444; text-decoration:none;\" rel=\"noopener\">&#13;<br \/>\n                                    Anadolu Ajans\u0131 web sitesinde, AA Haber Ak\u0131\u015f Sistemi (HAS) \u00fczerinden abonelere sunulan haberler, \u00f6zetlenerek yay\u0131mlanmaktad\u0131r. <b style=\"color:#1897F7\">Abonelik i\u00e7in l\u00fctfen ileti\u015fime ge\u00e7iniz.<\/b>&#13;<br \/>\n                                <\/a>&#13;<br \/>\n                            <\/span>\n                        <\/div>\n<p><script>\n\t  window.fbAsyncInit = function() {\n\t\tFB.init({\n\t\t  appId: '1855843514662870',\n\t\t  status : true, \/\/ check login status\n\t\t  cookie : true, \/\/ enable cookies to allow the server to access the session\n\t\t  xfbml  : true  \/\/ parse XFBML\n\t\t});\n\t  };<\/p>\n<p>\t  (function() {\n\t\tvar e = document.createElement('script');\n\t\te.src=\"https:\/\/connect.facebook.net\/tr_TR\/all.js\";\n\t\te.async = true;\n\t\tdocument.getElementById('fb-root').appendChild(e);\n\t  }());\n    <\/script><\/p>\n","protected":false},"excerpt":{"rendered":"<p>Filistinli bebek ile babas\u0131, 1 Haziran Per\u015fembe g\u00fcn\u00fc i\u015fgal alt\u0131ndaki Bat\u0131 \u015eeria&#8217;n\u0131n Ramallah kentine ba\u011fl\u0131 Nebi Salih beldesinde \u0130srail kur\u015funlar\u0131n\u0131n hedefi oldu. Hen\u00fcz 2 ya\u015f\u0131ndaki bir bebe\u011fi ba\u015f\u0131ndan vurarak a\u011f\u0131r \u015fekilde yaralayan \u0130srail ordusu, olaydan bir g\u00fcn sonra yapt\u0131\u011f\u0131 a\u00e7\u0131klamada &#8220;Filistinli bebek i\u00e7in \u00fczg\u00fcn olduklar\u0131n\u0131&#8221; ifade etmekle yetindi. Filistinli baba Heysem et-Temimi, o\u011flunun tedavi g\u00f6rd\u00fc\u011f\u00fc [&hellip;]<\/p>\n","protected":false},"author":1,"featured_media":6532,"comment_status":"","ping_status":"","sticky":false,"template":"","format":"standard","meta":[],"categories":[1],"tags":[],"_links":{"self":[{"href":"https:\/\/kraios.app\/news\/wp-json\/wp\/v2\/posts\/6531"}],"collection":[{"href":"https:\/\/kraios.app\/news\/wp-json\/wp\/v2\/posts"}],"about":[{"href":"https:\/\/kraios.app\/news\/wp-json\/wp\/v2\/types\/post"}],"author":[{"embeddable":true,"href":"https:\/\/kraios.app\/news\/wp-json\/wp\/v2\/users\/1"}],"replies":[{"embeddable":true,"href":"https:\/\/kraios.app\/news\/wp-json\/wp\/v2\/comments?post=6531"}],"version-history":[{"count":0,"href":"https:\/\/kraios.app\/news\/wp-json\/wp\/v2\/posts\/6531\/revisions"}],"wp:featuredmedia":[{"embeddable":true,"href":"https:\/\/kraios.app\/news\/wp-json\/wp\/v2\/media\/6532"}],"wp:attachment":[{"href":"https:\/\/kraios.app\/news\/wp-json\/wp\/v2\/media?parent=6531"}],"wp:term":[{"taxonomy":"category","embeddable":true,"href":"https:\/\/kraios.app\/news\/wp-json\/wp\/v2\/categories?post=6531"},{"taxonomy":"post_tag","embeddable":true,"href":"https:\/\/kraios.app\/news\/wp-json\/wp\/v2\/tags?post=6531"}],"curies":[{"name":"wp","href":"https:\/\/api.w.org\/{rel}","templated":true}]}}