{"id":6519,"date":"2023-06-04T11:18:04","date_gmt":"2023-06-04T11:18:04","guid":{"rendered":"https:\/\/kraios.app\/news\/gundem\/2023\/06\/04\/cumhurbaskani-erdogan-gazeteci-yazar-mehmet-barlasin-cenaze-torenine-katildi\/"},"modified":"2023-06-04T11:18:04","modified_gmt":"2023-06-04T11:18:04","slug":"cumhurbaskani-erdogan-gazeteci-yazar-mehmet-barlasin-cenaze-torenine-katildi","status":"publish","type":"post","link":"https:\/\/kraios.app\/news\/gundem\/2023\/06\/04\/cumhurbaskani-erdogan-gazeteci-yazar-mehmet-barlasin-cenaze-torenine-katildi\/","title":{"rendered":"Cumhurba\u015fkan\u0131 Erdo\u011fan, gazeteci yazar Mehmet Barlas&#039;\u0131n cenaze t\u00f6renine kat\u0131ld\u0131"},"content":{"rendered":"<p>Cumhurba\u015fkan\u0131 Recep Tayyip Erdo\u011fan, \u0130stanbul&#8217;da tedavi g\u00f6rd\u00fc\u011f\u00fc hastanede 81 ya\u015f\u0131nda hayat\u0131n\u0131 kaybeden gazeteci yazar Mehmet Barlas&#8217;\u0131n cenaze t\u00f6renine kat\u0131ld\u0131.<\/p>\n","protected":false},"excerpt":{"rendered":"<p>Cumhurba\u015fkan\u0131 Recep Tayyip Erdo\u011fan, \u0130stanbul&#8217;da tedavi g\u00f6rd\u00fc\u011f\u00fc hastanede 81 ya\u015f\u0131nda hayat\u0131n\u0131 kaybeden gazeteci yazar Mehmet Barlas&#8217;\u0131n cenaze t\u00f6renine kat\u0131ld\u0131.<\/p>\n","protected":false},"author":1,"featured_media":6520,"comment_status":"","ping_status":"","sticky":false,"template":"","format":"standard","meta":[],"categories":[1],"tags":[],"_links":{"self":[{"href":"https:\/\/kraios.app\/news\/wp-json\/wp\/v2\/posts\/6519"}],"collection":[{"href":"https:\/\/kraios.app\/news\/wp-json\/wp\/v2\/posts"}],"about":[{"href":"https:\/\/kraios.app\/news\/wp-json\/wp\/v2\/types\/post"}],"author":[{"embeddable":true,"href":"https:\/\/kraios.app\/news\/wp-json\/wp\/v2\/users\/1"}],"replies":[{"embeddable":true,"href":"https:\/\/kraios.app\/news\/wp-json\/wp\/v2\/comments?post=6519"}],"version-history":[{"count":0,"href":"https:\/\/kraios.app\/news\/wp-json\/wp\/v2\/posts\/6519\/revisions"}],"wp:featuredmedia":[{"embeddable":true,"href":"https:\/\/kraios.app\/news\/wp-json\/wp\/v2\/media\/6520"}],"wp:attachment":[{"href":"https:\/\/kraios.app\/news\/wp-json\/wp\/v2\/media?parent=6519"}],"wp:term":[{"taxonomy":"category","embeddable":true,"href":"https:\/\/kraios.app\/news\/wp-json\/wp\/v2\/categories?post=6519"},{"taxonomy":"post_tag","embeddable":true,"href":"https:\/\/kraios.app\/news\/wp-json\/wp\/v2\/tags?post=6519"}],"curies":[{"name":"wp","href":"https:\/\/api.w.org\/{rel}","templated":true}]}}