{"id":6509,"date":"2023-06-04T06:20:05","date_gmt":"2023-06-04T06:20:05","guid":{"rendered":"https:\/\/kraios.app\/news\/gundem\/2023\/06\/04\/turkiye-ve-dunya-gundemi-8\/"},"modified":"2023-06-04T06:20:05","modified_gmt":"2023-06-04T06:20:05","slug":"turkiye-ve-dunya-gundemi-8","status":"publish","type":"post","link":"https:\/\/kraios.app\/news\/gundem\/2023\/06\/04\/turkiye-ve-dunya-gundemi-8\/","title":{"rendered":"T\u00fcrkiye ve d\u00fcnya g\u00fcndemi"},"content":{"rendered":"<p><\/p>\n<div>\n<p>YASAMA Y\u00dcR\u00dcTME S\u0130YASET<\/p>\n<p>1- \u00c7evre, \u015eehircilik ve \u0130klim De\u011fi\u015fikli\u011fi Bakan\u0131 Mehmet \u00d6zhaseki, g\u00f6revi t\u00f6renle Murat Kurum&#8217;dan devralacak.<\/p>\n<p>(Ankara\/12.00) (Foto\u011frafl\u0131-G\u00f6r\u00fcnt\u00fcl\u00fc)<\/p>\n<p>2- \u0130\u00e7i\u015fleri Bakan\u0131 Ali Yerlikaya, t\u00f6renle g\u00f6revi S\u00fcleyman Soylu&#8217;dan devralacak.<\/p>\n<p>(Ankara\/12.00) (Foto\u011frafl\u0131-G\u00f6r\u00fcnt\u00fcl\u00fc)<\/p>\n<p>3- Milli E\u011fitim Bakan\u0131 Yusuf Tekin, g\u00f6revi t\u00f6renle Mahmut \u00d6zer&#8217;den devralacak.<\/p>\n<p>(Ankara\/12.30) (Foto\u011frafl\u0131-G\u00f6r\u00fcnt\u00fcl\u00fc)<\/p>\n<p>EKONOM\u0130 F\u0130NANS<\/p>\n<p>1- Hazine ve Maliye Bakan\u0131 Mehmet \u015eim\u015fek, g\u00f6revi t\u00f6renle Nureddin Nebati&#8217;den devralacak.<\/p>\n<p>(Ankara\/11.00) (Foto\u011frafl\u0131-G\u00f6r\u00fcnt\u00fcl\u00fc)<\/p>\n<p>2- Sanayi ve Teknoloji Bakan\u0131 Mehmet Fatih Kac\u0131r, g\u00f6revi t\u00f6renle Mustafa Varank&#8217;tan devralacak.<\/p>\n<p>(Ankara\/11.00) (Foto\u011frafl\u0131-G\u00f6r\u00fcnt\u00fcl\u00fc)<\/p>\n<p>3- Tar\u0131m ve Orman Bakan\u0131 \u0130brahim Yumakl\u0131, t\u00f6renle g\u00f6revi Vahit Kiri\u015fci&#8217;den devralacak.<\/p>\n<p>(Ankara\/15.00) (Foto\u011frafl\u0131-G\u00f6r\u00fcnt\u00fcl\u00fc)<\/p>\n<p>4- Ticaret Bakan\u0131 \u00d6mer Bolat, g\u00f6revi Mehmet Mu\u015f&#8217;tan devralacak.<\/p>\n<p>(Ankara\/14.00) (Foto\u011frafl\u0131-G\u00f6r\u00fcnt\u00fcl\u00fc)<\/p>\n<p>G\u00dcNCEL<\/p>\n<p>1- Milli E\u011fitim Bakanl\u0131\u011f\u0131nca 8&#8217;inci s\u0131n\u0131f \u00f6\u011frencilerine y\u00f6nelik Liselere Ge\u00e7i\u015f Sistemi (LGS) kapsam\u0131ndaki merkezi s\u0131nav iki oturum halinde ger\u00e7ekle\u015ftirilecek.<\/p>\n<p>(09.30\/11.30) (Foto\u011frafl\u0131-G\u00f6r\u00fcnt\u00fcl\u00fc)<\/p>\n<p>SPOR<\/p>\n<p>1- Spor Toto S\u00fcper Lig&#8217;in 37. haftas\u0131ndaki derbide Galatasaray, Fenerbah\u00e7e&#8217;yi konuk edecek.<\/p>\n<p>(\u0130stanbul\/19.00) (Foto\u011frafl\u0131-G\u00f6r\u00fcnt\u00fcl\u00fc)<\/p>\n<p>2- Spor Toto 1. Lig&#8217;in play-off 2. tur r\u00f6van\u015f\u0131nda Bodrumspor ile Ey\u00fcpspor kar\u015f\u0131 kar\u015f\u0131ya gelecek.<\/p>\n<p>(Mu\u011fla\/16.00) (Foto\u011frafl\u0131)<\/p>\n<p>3- A Milli Erkek Voleybol Tak\u0131m\u0131, 2023 CEV Avrupa Alt\u0131n Ligi A Grubu&#8217;ndaki \u00fc\u00e7\u00fcnc\u00fc ma\u00e7\u0131nda Romanya&#8217;y\u0131 konuk edecek.<\/p>\n<p>(Konya\/17.00) (Foto\u011frafl\u0131)<\/p>\n<p>4- A Milli Kad\u0131n Voleybol Tak\u0131m\u0131, FIVB Milletler Ligi&#8217;nin ilk hafta m\u00fccadelesini ABD ma\u00e7\u0131yla tamamlayacak. G\u00fcn\u00fcn di\u011fer ma\u00e7lar\u0131nda Tayland ile G\u00fcney Kore ve Kanada ile S\u0131rbistan kar\u015f\u0131 kar\u015f\u0131ya gelecek.<\/p>\n<p>(Antalya\/20.00\/14.00\/17.00) (Foto\u011frafl\u0131)<\/p>\n<p>5- T\u00fcrkiye Sigorta Basketbol S\u00fcper Ligi&#8217;nin play-off yar\u0131 final serisinde T\u00fcrk Telekom ile P\u0131nar Kar\u015f\u0131yaka ilk ma\u00e7ta kar\u015f\u0131 kar\u015f\u0131ya gelecek.<\/p>\n<p>(Ankara\/15.30) (Foto\u011frafl\u0131)<\/p>\n<p>6 &#8211; Hentbol Kad\u0131nlar S\u00fcper Lig&#8217;in play-off final serisinde Kastamonu Belediyespor ile Konyaalt\u0131 Belediyespor \u00fc\u00e7\u00fcnc\u00fc ma\u00e7ta kar\u015f\u0131 kar\u015f\u0131ya gelecek.<\/p>\n<p>(Kastamonu\/13.30) (Foto\u011frafl\u0131)<\/p>\n<p>7- Formula 1&#8217;de sezonun 8. m\u00fccadelesi \u0130spanya Grand Prix&#8217;sinde yap\u0131lacak.<\/p>\n<p>(Barselona\/16.00) (Foto\u011frafl\u0131)<\/p>\n<p>8- Milli motosiklet\u00e7ilerden Toprak Razgatl\u0131o\u011flu, D\u00fcnya Superbike \u015eampiyonas\u0131&#8217;n\u0131n; Bahattin Sofuo\u011flu ve Can \u00d6nc\u00fc de D\u00fcnya Supersport \u015eampiyonas\u0131&#8217;n\u0131n 5. aya\u011f\u0131nda ikinci yar\u0131\u015fa \u00e7\u0131kacak.<\/p>\n<p>(Misano)<\/p>\n<p>9- Teniste sezonun ikinci grand slam turnuvas\u0131 Fransa A\u00e7\u0131k&#8217;a devam edilecek.<\/p>\n<p>(Paris) (Foto\u011frafl\u0131)<\/p>\n<p>10- Modern Pentatlon D\u00fcnya Kupas\u0131 Final organizasyonu, kar\u0131\u015f\u0131k bayrak yar\u0131\u015f\u0131yla tamamlanacak.<\/p>\n<p>(Ankara\/10.00-17.00) (Foto\u011frafl\u0131-G\u00f6r\u00fcnt\u00fcl\u00fc)<\/p>\n<p>                            <span class=\"detay-foto-editor\">&#13;<br \/>\n                                <a href=\"https:\/\/www.aa.com.tr\/tr\/p\/abonelik-talep-formu\/1001\" target=\"_blank\" style=\"font-size:12px; color:#444; text-decoration:none;\" rel=\"noopener\">&#13;<br \/>\n                                    Anadolu Ajans\u0131 web sitesinde, AA Haber Ak\u0131\u015f Sistemi (HAS) \u00fczerinden abonelere sunulan haberler, \u00f6zetlenerek yay\u0131mlanmaktad\u0131r. <b style=\"color:#1897F7\">Abonelik i\u00e7in l\u00fctfen ileti\u015fime ge\u00e7iniz.<\/b>&#13;<br \/>\n                                <\/a>&#13;<br \/>\n                            <\/span>\n                        <\/div>\n<p><script>\n\t  window.fbAsyncInit = function() {\n\t\tFB.init({\n\t\t  appId: '1855843514662870',\n\t\t  status : true, \/\/ check login status\n\t\t  cookie : true, \/\/ enable cookies to allow the server to access the session\n\t\t  xfbml  : true  \/\/ parse XFBML\n\t\t});\n\t  };<\/p>\n<p>\t  (function() {\n\t\tvar e = document.createElement('script');\n\t\te.src=\"https:\/\/connect.facebook.net\/tr_TR\/all.js\";\n\t\te.async = true;\n\t\tdocument.getElementById('fb-root').appendChild(e);\n\t  }());\n    <\/script><\/p>\n","protected":false},"excerpt":{"rendered":"<p>YASAMA Y\u00dcR\u00dcTME S\u0130YASET 1- \u00c7evre, \u015eehircilik ve \u0130klim De\u011fi\u015fikli\u011fi Bakan\u0131 Mehmet \u00d6zhaseki, g\u00f6revi t\u00f6renle Murat Kurum&#8217;dan devralacak. (Ankara\/12.00) (Foto\u011frafl\u0131-G\u00f6r\u00fcnt\u00fcl\u00fc) 2- \u0130\u00e7i\u015fleri Bakan\u0131 Ali Yerlikaya, t\u00f6renle g\u00f6revi S\u00fcleyman Soylu&#8217;dan devralacak. (Ankara\/12.00) (Foto\u011frafl\u0131-G\u00f6r\u00fcnt\u00fcl\u00fc) 3- Milli E\u011fitim Bakan\u0131 Yusuf Tekin, g\u00f6revi t\u00f6renle Mahmut \u00d6zer&#8217;den devralacak. (Ankara\/12.30) (Foto\u011frafl\u0131-G\u00f6r\u00fcnt\u00fcl\u00fc) EKONOM\u0130 F\u0130NANS 1- Hazine ve Maliye Bakan\u0131 Mehmet \u015eim\u015fek, g\u00f6revi t\u00f6renle [&hellip;]<\/p>\n","protected":false},"author":1,"featured_media":6510,"comment_status":"","ping_status":"","sticky":false,"template":"","format":"standard","meta":[],"categories":[1],"tags":[],"_links":{"self":[{"href":"https:\/\/kraios.app\/news\/wp-json\/wp\/v2\/posts\/6509"}],"collection":[{"href":"https:\/\/kraios.app\/news\/wp-json\/wp\/v2\/posts"}],"about":[{"href":"https:\/\/kraios.app\/news\/wp-json\/wp\/v2\/types\/post"}],"author":[{"embeddable":true,"href":"https:\/\/kraios.app\/news\/wp-json\/wp\/v2\/users\/1"}],"replies":[{"embeddable":true,"href":"https:\/\/kraios.app\/news\/wp-json\/wp\/v2\/comments?post=6509"}],"version-history":[{"count":0,"href":"https:\/\/kraios.app\/news\/wp-json\/wp\/v2\/posts\/6509\/revisions"}],"wp:featuredmedia":[{"embeddable":true,"href":"https:\/\/kraios.app\/news\/wp-json\/wp\/v2\/media\/6510"}],"wp:attachment":[{"href":"https:\/\/kraios.app\/news\/wp-json\/wp\/v2\/media?parent=6509"}],"wp:term":[{"taxonomy":"category","embeddable":true,"href":"https:\/\/kraios.app\/news\/wp-json\/wp\/v2\/categories?post=6509"},{"taxonomy":"post_tag","embeddable":true,"href":"https:\/\/kraios.app\/news\/wp-json\/wp\/v2\/tags?post=6509"}],"curies":[{"name":"wp","href":"https:\/\/api.w.org\/{rel}","templated":true}]}}