{"id":6499,"date":"2023-06-04T01:20:04","date_gmt":"2023-06-04T01:20:04","guid":{"rendered":"https:\/\/kraios.app\/news\/gundem\/2023\/06\/04\/diyarbakirda-42-buyuklugunde-deprem\/"},"modified":"2023-06-04T01:20:04","modified_gmt":"2023-06-04T01:20:04","slug":"diyarbakirda-42-buyuklugunde-deprem","status":"publish","type":"post","link":"https:\/\/kraios.app\/news\/gundem\/2023\/06\/04\/diyarbakirda-42-buyuklugunde-deprem\/","title":{"rendered":"Diyarbak\u0131r&#039;da 4,2 b\u00fcy\u00fckl\u00fc\u011f\u00fcnde deprem"},"content":{"rendered":"<p>Diyarbak\u0131r&#8217;\u0131n \u00c7\u00fcng\u00fc\u015f il\u00e7esinde, saat 01.25&#8217;te 4,2 b\u00fcy\u00fckl\u00fc\u011f\u00fcnde deprem meydana geldi.<\/p>\n","protected":false},"excerpt":{"rendered":"<p>Diyarbak\u0131r&#8217;\u0131n \u00c7\u00fcng\u00fc\u015f il\u00e7esinde, saat 01.25&#8217;te 4,2 b\u00fcy\u00fckl\u00fc\u011f\u00fcnde deprem meydana geldi.<\/p>\n","protected":false},"author":1,"featured_media":6500,"comment_status":"","ping_status":"","sticky":false,"template":"","format":"standard","meta":[],"categories":[1],"tags":[],"_links":{"self":[{"href":"https:\/\/kraios.app\/news\/wp-json\/wp\/v2\/posts\/6499"}],"collection":[{"href":"https:\/\/kraios.app\/news\/wp-json\/wp\/v2\/posts"}],"about":[{"href":"https:\/\/kraios.app\/news\/wp-json\/wp\/v2\/types\/post"}],"author":[{"embeddable":true,"href":"https:\/\/kraios.app\/news\/wp-json\/wp\/v2\/users\/1"}],"replies":[{"embeddable":true,"href":"https:\/\/kraios.app\/news\/wp-json\/wp\/v2\/comments?post=6499"}],"version-history":[{"count":0,"href":"https:\/\/kraios.app\/news\/wp-json\/wp\/v2\/posts\/6499\/revisions"}],"wp:featuredmedia":[{"embeddable":true,"href":"https:\/\/kraios.app\/news\/wp-json\/wp\/v2\/media\/6500"}],"wp:attachment":[{"href":"https:\/\/kraios.app\/news\/wp-json\/wp\/v2\/media?parent=6499"}],"wp:term":[{"taxonomy":"category","embeddable":true,"href":"https:\/\/kraios.app\/news\/wp-json\/wp\/v2\/categories?post=6499"},{"taxonomy":"post_tag","embeddable":true,"href":"https:\/\/kraios.app\/news\/wp-json\/wp\/v2\/tags?post=6499"}],"curies":[{"name":"wp","href":"https:\/\/api.w.org\/{rel}","templated":true}]}}