{"id":6466,"date":"2023-06-03T11:20:04","date_gmt":"2023-06-03T11:20:04","guid":{"rendered":"https:\/\/kraios.app\/news\/gundem\/2023\/06\/03\/uzmanlara-gore-turkiyedeki-secimler-gercek-etkili-ve-essiz-bir-demokrasinin-yansimasi\/"},"modified":"2023-06-03T11:20:04","modified_gmt":"2023-06-03T11:20:04","slug":"uzmanlara-gore-turkiyedeki-secimler-gercek-etkili-ve-essiz-bir-demokrasinin-yansimasi","status":"publish","type":"post","link":"https:\/\/kraios.app\/news\/gundem\/2023\/06\/03\/uzmanlara-gore-turkiyedeki-secimler-gercek-etkili-ve-essiz-bir-demokrasinin-yansimasi\/","title":{"rendered":"Uzmanlara g\u00f6re T\u00fcrkiye&#8217;deki se\u00e7imler &#8220;ger\u00e7ek, etkili ve e\u015fsiz&#8221; bir demokrasinin yans\u0131mas\u0131"},"content":{"rendered":"<p><\/p>\n<div>\n<p>T\u00fcrkiye&#8217;deki siyasi partilerin, k\u00fcresel demokrasilerde e\u015fi benzeri olmayan ve se\u00e7menlerin yo\u011fun kat\u0131l\u0131m\u0131yla ger\u00e7ekle\u015ftirilen se\u00e7imlerin sonu\u00e7lar\u0131n\u0131 kabullendi\u011fini ifade eden uzmanlar, T\u00fcrkiye&#8217;deki son se\u00e7imleri AA&#8217;ya de\u011ferlendirdi.<\/p>\n<p>\u00dcrd\u00fcnl\u00fc siyasi analist Hassan et-Temimi, &#8220;T\u00fcrkiye&#8217;de, iktidar ve muhalefet partileri dahil olmak \u00fczere siyasi partilerin genel olarak se\u00e7im sonu\u00e7lar\u0131n\u0131 kabul etti\u011fi ve demokratik ilkelere ba\u011fl\u0131 kald\u0131\u011f\u0131, benzersiz bir ger\u00e7ek demokrasi ve iktidar rotasyonu var.&#8221; dedi.<\/p>\n<p>Temimi, T\u00fcrkiye&#8217;deki partilerin se\u00e7menlerin iradesine sayg\u0131 duydu\u011fu ve demokratik kurumlar \u00e7er\u00e7evesinde varl\u0131klar\u0131n\u0131 g\u00fc\u00e7lendirmek i\u00e7in \u00e7al\u0131\u015ft\u0131\u011f\u0131 de\u011ferlendirmesinde bulundu.<\/p>\n<p>Cumhurba\u015fkan\u0131 Recep Tayyip Erdo\u011fan&#8217;\u0131 zafere g\u00f6t\u00fcren nedenlerin varl\u0131\u011f\u0131ndan s\u00f6z eden Temimi, &#8220;Cumhurba\u015fkan\u0131 Erdo\u011fan, \u00e7ok k\u0131sa s\u00fcrede ger\u00e7ek bir de\u011fi\u015fim modeline \u00f6nc\u00fcl\u00fck ederek en zor ko\u015fullarda yerel, b\u00f6lgesel ve uluslararas\u0131 engelleri ve komplolar\u0131 a\u015ft\u0131.&#8221; ifadelerini kulland\u0131.<\/p>\n<p>Temimi, s\u00f6zlerine \u015f\u00f6yle devam etti:<\/p>\n<p>&#8220;Cumhurba\u015fkan\u0131 Erdo\u011fan, son 20 y\u0131ldaki iktidar\u0131 s\u0131ras\u0131nda elde edilen ba\u015far\u0131lara g\u00fcvendi. Burada, \u00f6nceki T\u00fcrk h\u00fck\u00fcmetlerinin kal\u0131p yarg\u0131lar\u0131n\u0131 k\u0131ran, i\u00e7 ve d\u0131\u015f politikada istisnai bir \u00f6rnek te\u015fkil eden bir Cumhurba\u015fkan\u0131&#8217;ndan bahsediyoruz. Yeniden se\u00e7ilmesi normaldi.<\/p>\n<p>Erdo\u011fan, \u00f6zg\u00fcrl\u00fckleri, g\u00fcvenli\u011fi, ekonomik b\u00fcy\u00fcmeyi ve istikrar\u0131 g\u00fc\u00e7lendirmeyi ba\u015fard\u0131 ve \u0130slam&#8217;\u0131n insani de\u011ferlerini benimsemekle T\u00fcrkiye&#8217;nin ulusal kimli\u011fini vurgulamak aras\u0131nda hi\u00e7bir \u00e7eli\u015fki olmad\u0131\u011f\u0131n\u0131 eylemleriyle kan\u0131tlad\u0131 ve net vizyonunun, azminin ve b\u00fcy\u00fck hedeflerinin meyvelerini toplamas\u0131 do\u011fald\u0131.&#8221;<\/p>\n<h3>Etkin demokrasi<\/h3>\n<p>Yazar Firas R\u0131dvano\u011flu ise T\u00fcrkiye&#8217;deki se\u00e7imlere y\u00fcksek kat\u0131l\u0131m\u0131n takdir edilmesi gerekti\u011fini ve bunun, demokrasinin T\u00fcrkiye&#8217;de \u00e7ok etkili oldu\u011funun kan\u0131t\u0131 oldu\u011funu vurgulad\u0131.<\/p>\n<p>R\u0131dvano\u011flu, demokrasi pragmatizminin T\u00fcrk vatanda\u015f\u0131nda derin bir \u015fekilde var oldu\u011funu, neredeyse herkesin oy vermek istedi\u011fini kaydetti.<\/p>\n<p>T\u00fcrkiye&#8217;de se\u00e7im s\u00fcrecinin \u015feffaf ilerledi\u011fini ifade eden R\u0131dvano\u011flu, &#8220;Aksini iddia edenlere, se\u00e7imler, kat\u0131l\u0131m oranlar\u0131 ve sonu\u00e7lar en iyi kan\u0131tt\u0131r. Ayn\u0131 \u015fekilde partilerin se\u00e7im sonu\u00e7lar\u0131n\u0131 kabul etmesi, herkesin Y\u00fcksek Se\u00e7im Kurulu&#8217;na inand\u0131\u011f\u0131n\u0131n bir kan\u0131t\u0131d\u0131r. Herkes sonu\u00e7lara ve halk\u0131n verdi\u011fi karara inan\u0131yor ve se\u00e7imlere sayg\u0131 duyuyor.&#8221;<\/p>\n<h3>S\u00fcrekli geli\u015fim<\/h3>\n<p>Omran Stratejik Ara\u015ft\u0131rmalar Merkezi Ba\u015fkan\u0131 Ammar Kahf da se\u00e7imleri ve sonu\u00e7lar\u0131n\u0131 de\u011ferlendirirken T\u00fcrk demokrasisini &#8220;Orta Do\u011fu&#8217;da benzersiz bir demokrasi&#8221; olarak niteledi.<\/p>\n<p>Kahf, T\u00fcrk demokrasisinin, &#8220;hegemonyas\u0131n\u0131 hakl\u0131 \u00e7\u0131karmak i\u00e7in resmi demokrasinin boynunu b\u00fcken liberal demokrasi veya totaliter rejim olarak s\u0131n\u0131fland\u0131r\u0131lamayaca\u011f\u0131n\u0131&#8221; belirtti.<\/p>\n<p>Omran Stratejik Ara\u015ft\u0131rmalar Merkezi Ba\u015fkan\u0131 Kahf, \u015funlar\u0131 kaydetti:<\/p>\n<p>&#8220;T\u00fcrk demokrasisi s\u00fcrekli bir geli\u015fim i\u00e7indedir, halk rekor d\u00fczeyde kat\u0131l\u0131m sa\u011flar ve olduk\u00e7a y\u00fcksek \u00e7ekicili\u011fe sahiptir. Kurumsal ve toplumsal olarak k\u00f6kl\u00fcd\u00fcr ve sonu\u00e7lar\u0131n\u0131 herkes kabul eder ancak herhangi bir taraf\u0131n egemenli\u011fini veya askeri darbeyi reddeder.&#8221;<\/p>\n<p>Cumhurba\u015fkan\u0131 Erdo\u011fan&#8217;\u0131n se\u00e7im zaferinin &#8220;\u00e7e\u015fitli sebepleri&#8221; oldu\u011funa dikkati \u00e7eken Kahf, bunlar\u0131n en \u00f6nemlilerini ise &#8220;parti ittifaklar\u0131n\u0131n geni\u015fletilmesi, depremzedelere h\u0131zl\u0131 m\u00fcdahale edilmesi, saha ileti\u015fiminin etkinle\u015ftirilmesi, verilen s\u00f6zlerin ger\u00e7ek\u00e7ili\u011fi ve inand\u0131r\u0131c\u0131l\u0131\u011f\u0131&#8221; \u015feklinde s\u0131ralad\u0131.<\/p>\n<p>Kahf, gaz ve petrol sahalar\u0131, yerli otomobilin \u00fcretilmesi, savunma sanayisinin geli\u015fimi, yol ve k\u00f6pr\u00fc in\u015faatlar\u0131 ve asgari \u00fccretin y\u00fckseltilmesinin de se\u00e7im zaferinin ard\u0131nda yatan fakt\u00f6rlerden oldu\u011funu belirtti.<\/p>\n<p>                            <span class=\"detay-foto-editor\">&#13;<br \/>\n                                <a href=\"https:\/\/www.aa.com.tr\/tr\/p\/abonelik-talep-formu\/1001\" target=\"_blank\" style=\"font-size:12px; color:#444; text-decoration:none;\" rel=\"noopener\">&#13;<br \/>\n                                    Anadolu Ajans\u0131 web sitesinde, AA Haber Ak\u0131\u015f Sistemi (HAS) \u00fczerinden abonelere sunulan haberler, \u00f6zetlenerek yay\u0131mlanmaktad\u0131r. <b style=\"color:#1897F7\">Abonelik i\u00e7in l\u00fctfen ileti\u015fime ge\u00e7iniz.<\/b>&#13;<br \/>\n                                <\/a>&#13;<br \/>\n                            <\/span>\n                        <\/div>\n<p><script>\n\t  window.fbAsyncInit = function() {\n\t\tFB.init({\n\t\t  appId: '1855843514662870',\n\t\t  status : true, \/\/ check login status\n\t\t  cookie : true, \/\/ enable cookies to allow the server to access the session\n\t\t  xfbml  : true  \/\/ parse XFBML\n\t\t});\n\t  };<\/p>\n<p>\t  (function() {\n\t\tvar e = document.createElement('script');\n\t\te.src=\"https:\/\/connect.facebook.net\/tr_TR\/all.js\";\n\t\te.async = true;\n\t\tdocument.getElementById('fb-root').appendChild(e);\n\t  }());\n    <\/script><\/p>\n","protected":false},"excerpt":{"rendered":"<p>T\u00fcrkiye&#8217;deki siyasi partilerin, k\u00fcresel demokrasilerde e\u015fi benzeri olmayan ve se\u00e7menlerin yo\u011fun kat\u0131l\u0131m\u0131yla ger\u00e7ekle\u015ftirilen se\u00e7imlerin sonu\u00e7lar\u0131n\u0131 kabullendi\u011fini ifade eden uzmanlar, T\u00fcrkiye&#8217;deki son se\u00e7imleri AA&#8217;ya de\u011ferlendirdi. \u00dcrd\u00fcnl\u00fc siyasi analist Hassan et-Temimi, &#8220;T\u00fcrkiye&#8217;de, iktidar ve muhalefet partileri dahil olmak \u00fczere siyasi partilerin genel olarak se\u00e7im sonu\u00e7lar\u0131n\u0131 kabul etti\u011fi ve demokratik ilkelere ba\u011fl\u0131 kald\u0131\u011f\u0131, benzersiz bir ger\u00e7ek demokrasi ve [&hellip;]<\/p>\n","protected":false},"author":1,"featured_media":6467,"comment_status":"","ping_status":"","sticky":false,"template":"","format":"standard","meta":[],"categories":[1],"tags":[],"_links":{"self":[{"href":"https:\/\/kraios.app\/news\/wp-json\/wp\/v2\/posts\/6466"}],"collection":[{"href":"https:\/\/kraios.app\/news\/wp-json\/wp\/v2\/posts"}],"about":[{"href":"https:\/\/kraios.app\/news\/wp-json\/wp\/v2\/types\/post"}],"author":[{"embeddable":true,"href":"https:\/\/kraios.app\/news\/wp-json\/wp\/v2\/users\/1"}],"replies":[{"embeddable":true,"href":"https:\/\/kraios.app\/news\/wp-json\/wp\/v2\/comments?post=6466"}],"version-history":[{"count":0,"href":"https:\/\/kraios.app\/news\/wp-json\/wp\/v2\/posts\/6466\/revisions"}],"wp:featuredmedia":[{"embeddable":true,"href":"https:\/\/kraios.app\/news\/wp-json\/wp\/v2\/media\/6467"}],"wp:attachment":[{"href":"https:\/\/kraios.app\/news\/wp-json\/wp\/v2\/media?parent=6466"}],"wp:term":[{"taxonomy":"category","embeddable":true,"href":"https:\/\/kraios.app\/news\/wp-json\/wp\/v2\/categories?post=6466"},{"taxonomy":"post_tag","embeddable":true,"href":"https:\/\/kraios.app\/news\/wp-json\/wp\/v2\/tags?post=6466"}],"curies":[{"name":"wp","href":"https:\/\/api.w.org\/{rel}","templated":true}]}}