{"id":6454,"date":"2023-06-03T06:20:04","date_gmt":"2023-06-03T06:20:04","guid":{"rendered":"https:\/\/kraios.app\/news\/gundem\/2023\/06\/03\/turkiye-ve-dunya-gundemi-7\/"},"modified":"2023-06-03T06:20:04","modified_gmt":"2023-06-03T06:20:04","slug":"turkiye-ve-dunya-gundemi-7","status":"publish","type":"post","link":"https:\/\/kraios.app\/news\/gundem\/2023\/06\/03\/turkiye-ve-dunya-gundemi-7\/","title":{"rendered":"T\u00fcrkiye ve d\u00fcnya g\u00fcndemi"},"content":{"rendered":"<p><\/p>\n<div>\n<p>1- Cumhurba\u015fkan\u0131 Recep Tayyip Erdo\u011fan, TBMM Genel Kurulunda yemin edecek, An\u0131tkabir&#8217;e ziyarette bulunacak.<\/p>\n<p>&#8211; Cumhurba\u015fkanl\u0131\u011f\u0131 K\u00fclliyesi&#8217;nde Cumhurba\u015fkanl\u0131\u011f\u0131 G\u00f6reve Ba\u015flama T\u00f6reni ger\u00e7ekle\u015ftirilecek.<\/p>\n<p>(TBMM\/15.00\/16.00\/17.00) (Foto\u011frafl\u0131-G\u00f6r\u00fcnt\u00fcl\u00fc)<\/p>\n<p>2- CHP Parti Meclisi, Genel Ba\u015fkan Kemal K\u0131l\u0131\u00e7daro\u011flu ba\u015fkanl\u0131\u011f\u0131nda toplanacak.<\/p>\n<p>(Ankara\/10.00) (Foto\u011frafl\u0131-G\u00f6r\u00fcnt\u00fcl\u00fc)<\/p>\n<p>SPOR<\/p>\n<p>1- A Milli Kad\u0131n Voleybol Tak\u0131m\u0131, FIVB Milletler Ligi&#8217;nin ilk haftas\u0131ndaki \u00fc\u00e7\u00fcnc\u00fc ma\u00e7\u0131nda \u0130talya ile kar\u015f\u0131la\u015facak.<\/p>\n<p>&#8211; G\u00fcn\u00fcn di\u011fer ma\u00e7lar\u0131nda Polonya ile S\u0131rbistan, ABD ile G\u00fcney Kore kar\u015f\u0131 kar\u015f\u0131ya gelecek.<\/p>\n<p>(Antalya\/20.00\/14.00\/17.00) (Foto\u011frafl\u0131)<\/p>\n<p>2- Spor Toto S\u00fcper Lig&#8217;in 37. haftas\u0131 ba\u015flayacak; Arabam.com Konyaspor-VavaCars Fatih Karag\u00fcmr\u00fck, HangiKredi \u00dcmraniyespor-Bitexen Giresunspor, Kas\u0131mpa\u015fa-Be\u015fikta\u015f, Yukatel Kayserispor-MKE Ankarag\u00fcc\u00fc, Trabzonspor-Corendon Alanyaspor, Adana Demirspor-Medipol Ba\u015fak\u015fehir ma\u00e7lar\u0131 yap\u0131lacak.<\/p>\n<p>(Konya\/16.00\/\u0130stanbul\/19.00\/19.00\/Kayseri\/Trabzon\/Adana\/19.00) (Foto\u011frafl\u0131-G\u00f6r\u00fcnt\u00fcl\u00fc)<\/p>\n<p>3- TFF 2. Lig Play-Off 2. Tur r\u00f6van\u015f ma\u00e7lar\u0131 yap\u0131lacak, K\u0131rm\u0131z\u0131 Grup&#8217;ta \u0130skenderunspor ile 1461 Trabzon FK, Beyaz Grup&#8217;ta Esenler Erokspor ile Anagold 24Erzincanspor kar\u015f\u0131 kar\u015f\u0131ya gelecek.<\/p>\n<p>(\u0130stanbul\/17.00\/20.00) (Foto\u011frafl\u0131)<\/p>\n<p>4- T\u00fcrkiye Sigorta Basketbol S\u00fcper Ligi&#8217;nin play-off yar\u0131 final m\u00fccadelesi ba\u015flayacak, Fenerbah\u00e7e Beko ile Anadolu Efes ilk ma\u00e7ta kar\u015f\u0131 kar\u015f\u0131ya gelecek.<\/p>\n<p>(\u0130stanbul\/18.00) (Foto\u011frafl\u0131)<\/p>\n<p>5- Hentbol Kad\u0131nlar S\u00fcper Lig&#8217;in play-off final serisinde Kastamonu Belediyespor ile Konyaalt\u0131 Belediyespor ikinci ma\u00e7ta kar\u015f\u0131la\u015facak.<\/p>\n<p>(Kastamonu\/13.30) (Foto\u011frafl\u0131)<\/p>\n<p>6- Formula 1&#8217;de sezonun 8. etab\u0131 \u0130spanya Grand Prix&#8217;sinin s\u0131ralama turlar\u0131 yap\u0131lacak.<\/p>\n<p>(Barselona\/17.00) (Foto\u011frafl\u0131)<\/p>\n<p>7- Milli motosiklet\u00e7ilerden Toprak Razgatl\u0131o\u011flu, D\u00fcnya Superbike \u015eampiyonas\u0131&#8217;n\u0131n, Bahattin Sofuo\u011flu da D\u00fcnya Supersport \u015eampiyonas\u0131&#8217;n\u0131n \u0130talya&#8217;daki 5. aya\u011f\u0131nda superpole m\u00fccadelesi ve ilk yar\u0131\u015fa \u00e7\u0131kacak.<\/p>\n<p>(Misano)<\/p>\n<p>8- Modern Pentatlon D\u00fcnya Kupas\u0131 Final organizasyonunda kad\u0131nlar ve erkeklerde finaller yap\u0131lacak.<\/p>\n<p>(Ankara\/10.00\/16.00) (Foto\u011frafl\u0131)<\/p>\n<p>                            <span class=\"detay-foto-editor\">&#13;<br \/>\n                                <a href=\"https:\/\/www.aa.com.tr\/tr\/p\/abonelik-talep-formu\/1001\" target=\"_blank\" style=\"font-size:12px; color:#444; text-decoration:none;\" rel=\"noopener\">&#13;<br \/>\n                                    Anadolu Ajans\u0131 web sitesinde, AA Haber Ak\u0131\u015f Sistemi (HAS) \u00fczerinden abonelere sunulan haberler, \u00f6zetlenerek yay\u0131mlanmaktad\u0131r. <b style=\"color:#1897F7\">Abonelik i\u00e7in l\u00fctfen ileti\u015fime ge\u00e7iniz.<\/b>&#13;<br \/>\n                                <\/a>&#13;<br \/>\n                            <\/span>\n                        <\/div>\n<p><script>\n\t  window.fbAsyncInit = function() {\n\t\tFB.init({\n\t\t  appId: '1855843514662870',\n\t\t  status : true, \/\/ check login status\n\t\t  cookie : true, \/\/ enable cookies to allow the server to access the session\n\t\t  xfbml  : true  \/\/ parse XFBML\n\t\t});\n\t  };<\/p>\n<p>\t  (function() {\n\t\tvar e = document.createElement('script');\n\t\te.src=\"https:\/\/connect.facebook.net\/tr_TR\/all.js\";\n\t\te.async = true;\n\t\tdocument.getElementById('fb-root').appendChild(e);\n\t  }());\n    <\/script><\/p>\n","protected":false},"excerpt":{"rendered":"<p>1- Cumhurba\u015fkan\u0131 Recep Tayyip Erdo\u011fan, TBMM Genel Kurulunda yemin edecek, An\u0131tkabir&#8217;e ziyarette bulunacak. &#8211; Cumhurba\u015fkanl\u0131\u011f\u0131 K\u00fclliyesi&#8217;nde Cumhurba\u015fkanl\u0131\u011f\u0131 G\u00f6reve Ba\u015flama T\u00f6reni ger\u00e7ekle\u015ftirilecek. (TBMM\/15.00\/16.00\/17.00) (Foto\u011frafl\u0131-G\u00f6r\u00fcnt\u00fcl\u00fc) 2- CHP Parti Meclisi, Genel Ba\u015fkan Kemal K\u0131l\u0131\u00e7daro\u011flu ba\u015fkanl\u0131\u011f\u0131nda toplanacak. (Ankara\/10.00) (Foto\u011frafl\u0131-G\u00f6r\u00fcnt\u00fcl\u00fc) SPOR 1- A Milli Kad\u0131n Voleybol Tak\u0131m\u0131, FIVB Milletler Ligi&#8217;nin ilk haftas\u0131ndaki \u00fc\u00e7\u00fcnc\u00fc ma\u00e7\u0131nda \u0130talya ile kar\u015f\u0131la\u015facak. &#8211; G\u00fcn\u00fcn di\u011fer [&hellip;]<\/p>\n","protected":false},"author":1,"featured_media":6455,"comment_status":"","ping_status":"","sticky":false,"template":"","format":"standard","meta":[],"categories":[1],"tags":[],"_links":{"self":[{"href":"https:\/\/kraios.app\/news\/wp-json\/wp\/v2\/posts\/6454"}],"collection":[{"href":"https:\/\/kraios.app\/news\/wp-json\/wp\/v2\/posts"}],"about":[{"href":"https:\/\/kraios.app\/news\/wp-json\/wp\/v2\/types\/post"}],"author":[{"embeddable":true,"href":"https:\/\/kraios.app\/news\/wp-json\/wp\/v2\/users\/1"}],"replies":[{"embeddable":true,"href":"https:\/\/kraios.app\/news\/wp-json\/wp\/v2\/comments?post=6454"}],"version-history":[{"count":0,"href":"https:\/\/kraios.app\/news\/wp-json\/wp\/v2\/posts\/6454\/revisions"}],"wp:featuredmedia":[{"embeddable":true,"href":"https:\/\/kraios.app\/news\/wp-json\/wp\/v2\/media\/6455"}],"wp:attachment":[{"href":"https:\/\/kraios.app\/news\/wp-json\/wp\/v2\/media?parent=6454"}],"wp:term":[{"taxonomy":"category","embeddable":true,"href":"https:\/\/kraios.app\/news\/wp-json\/wp\/v2\/categories?post=6454"},{"taxonomy":"post_tag","embeddable":true,"href":"https:\/\/kraios.app\/news\/wp-json\/wp\/v2\/tags?post=6454"}],"curies":[{"name":"wp","href":"https:\/\/api.w.org\/{rel}","templated":true}]}}