{"id":6442,"date":"2023-06-03T03:58:07","date_gmt":"2023-06-03T03:58:07","guid":{"rendered":"https:\/\/kraios.app\/news\/gundem\/2023\/06\/03\/pakistan-basbakani-serif-cumhurbaskani-erdoganin-goreve-baslama-toreni-icin-ankaraya-geldi\/"},"modified":"2023-06-03T03:58:07","modified_gmt":"2023-06-03T03:58:07","slug":"pakistan-basbakani-serif-cumhurbaskani-erdoganin-goreve-baslama-toreni-icin-ankaraya-geldi","status":"publish","type":"post","link":"https:\/\/kraios.app\/news\/gundem\/2023\/06\/03\/pakistan-basbakani-serif-cumhurbaskani-erdoganin-goreve-baslama-toreni-icin-ankaraya-geldi\/","title":{"rendered":"Pakistan Ba\u015fbakan\u0131 \u015eerif, Cumhurba\u015fkan\u0131 Erdo\u011fan&#8217;\u0131n &#8220;G\u00f6reve Ba\u015flama T\u00f6reni&#8221; i\u00e7in Ankara&#8217;ya geldi"},"content":{"rendered":"<p><\/p>\n<div>\n<p>Pakistan&#8217;\u0131n Ankara B\u00fcy\u00fckel\u00e7ili\u011finden yap\u0131lan bilgilendirmeye g\u00f6re, Cumhurba\u015fkan\u0131 Erdo\u011fan&#8217;\u0131n davetlisi olarak Ankara&#8217;ya gelen \u015eerif, Esenbo\u011fa Havaliman\u0131&#8217;nda \u00fcst d\u00fczey T\u00fcrk yetkililer taraf\u0131ndan kar\u015f\u0131land\u0131.<\/p>\n<p>\u015eerif&#8217;in heyetinde, Pencap Eyalet Ba\u015fbakan\u0131 Seyid Muhsin Raza Nakvi, Pakistan Enformasyon ve Yay\u0131n Bakan\u0131 Marriyum Aurangzeb, Ba\u015fbakan \u00d6zel Yard\u0131mc\u0131s\u0131 Tar\u0131k Fatemi yer al\u0131yor.<\/p>\n<p>Cumhurba\u015fkan\u0131 Erdo\u011fan&#8217;\u0131n &#8220;G\u00f6reve Ba\u015flama T\u00f6reni&#8221;ne kat\u0131lacak olan \u015eerif, ayr\u0131ca enerji, altyap\u0131, g\u0131da i\u015fleme ve t\u00fcketim mallar\u0131 gibi alanlarda faaliyet y\u00fcr\u00fcten T\u00fcrk i\u015f insanlar\u0131yla da bir araya gelecek.<\/p>\n<h3>ABD, Cumhurba\u015fkan\u0131 Erdo\u011fan&#8217;\u0131n yemin t\u00f6reninde B\u00fcy\u00fckel\u00e7i Flake ile temsil edilecek\u00a0<\/h3>\n<p>ABD, Cumhurba\u015fkan\u0131 Recep Tayyip Erdo\u011fan&#8217;\u0131n &#8220;G\u00f6reve Ba\u015flama T\u00f6reni&#8221;ne kat\u0131lacak heyeti a\u00e7\u0131klad\u0131.<\/p>\n<p>Beyaz Saray&#8217;dan yap\u0131lan yaz\u0131l\u0131 a\u00e7\u0131klamada, &#8220;Ba\u015fkan\u0131 Joe Biden, Recep Tayyip Erdo\u011fan&#8217;\u0131n 3 Haziran Cumartesi g\u00fcn\u00fc yemin t\u00f6renine kat\u0131lacak Ba\u015fkanl\u0131k Heyetinin belirlendi\u011fini duyurdu.&#8221; ifadesine yer verildi.<\/p>\n<p>A\u00e7\u0131klamada, ABD&#8217;nin T\u00fcrkiye B\u00fcy\u00fckel\u00e7isi Jeffry L. Flake&#8217;in, ABD Ba\u015fkan\u0131n\u0131 temsilen Ankara&#8217;da d\u00fczenlenecek t\u00f6rene kat\u0131laca\u011f\u0131 belirtildi.<\/p>\n<h3>K\u00fcba Ba\u015fbakan\u0131 Cruz, Cumhurba\u015fkan\u0131 Erdo\u011fan&#8217;\u0131n yemin t\u00f6renine kat\u0131lacak<\/h3>\n<p>K\u00fcba Ba\u015fbakan\u0131 Manuel Marrero Cruz, Cumhurba\u015fkan\u0131 Recep Tayyip Erdo\u011fan&#8217;\u0131n yemin t\u00f6renine kat\u0131lacak.<\/p>\n<p>T\u00fcrkiye&#8217;nin Havana B\u00fcy\u00fckel\u00e7ili\u011finden yap\u0131lan a\u00e7\u0131klamada, Cumhurba\u015fkan\u0131 Erdo\u011fan&#8217;\u0131n 3 Haziran&#8217;da ger\u00e7ekle\u015ftirilecek yemin t\u00f6renine K\u00fcba Ba\u015fbakan\u0131 Marrero&#8217;nun da i\u015ftirak edece\u011fi bildirildi.<\/p>\n<p>Marrero&#8217;nun heyetinde, D\u0131\u015fi\u015fleri Bakanl\u0131\u011f\u0131 \u0130kili \u0130\u015fler Genel M\u00fcd\u00fcr Vekili Angel Villa Hernandez ve K\u00fcba&#8217;n\u0131n Ankara B\u00fcy\u00fckel\u00e7isi Alejandro Diaz Palacio&#8217;un da yer alaca\u011f\u0131 belirtildi.<\/p>\n<p>Marrero&#8217;nun ayr\u0131ca 5 Haziran&#8217;da D\u0131\u015f Ekonomik \u0130li\u015fkiler Kurulu (DE\u0130K) T\u00fcrkiye-K\u00fcba i\u015f konseyinin d\u00fczenleyece\u011fi toplant\u0131ya da kat\u0131laca\u011f\u0131 kaydedildi.<\/p>\n<p>Marrero&#8217;ya Ba\u015fbakan Yard\u0131mc\u0131s\u0131, D\u0131\u015f Ticaret ve Yabanc\u0131 Yat\u0131r\u0131m Bakan\u0131, Enerji Bakan\u0131, Turizm Bakan\u0131, Ula\u015ft\u0131rma Bakan\u0131 ve Sa\u011fl\u0131k Bakan\u0131n\u0131n da e\u015flik edece\u011fi kaydedildi.<\/p>\n<p>Ba\u015fbakan Marrero&#8217;nun, T\u00fcrkiye&#8217;de bulundu\u011fu s\u00fcre zarf\u0131nda yerel yetkililer ve i\u015f d\u00fcnyas\u0131yla g\u00f6r\u00fc\u015fmeler yapmas\u0131 bekleniyor.<\/p>\n<h3>Irak D\u0131\u015fi\u015fleri Bakan\u0131 H\u00fcseyin, Cumhurba\u015fkan\u0131 Erdo\u011fan\u2019\u0131n yemin t\u00f6renine kat\u0131lacak<\/h3>\n<p>Irak D\u0131\u015fi\u015fleri Bakan\u0131 Fuat H\u00fcseyin&#8217;in, \u00fclkesini temsilen Cumhurba\u015fkan\u0131 Recep Tayyip Erdo\u011fan&#8217;\u0131n yemin t\u00f6renine kat\u0131laca\u011f\u0131 bildirildi.<\/p>\n<p>Irak D\u0131\u015fi\u015fleri Bakanl\u0131\u011f\u0131 taraf\u0131ndan yap\u0131lan yaz\u0131l\u0131 a\u00e7\u0131klamada, Cumhurba\u015fkan\u0131 Erdo\u011fan&#8217;\u0131n yemin t\u00f6reninde Irak h\u00fck\u00fcmetinin de bulunaca\u011f\u0131 belirtildi.<\/p>\n<p>A\u00e7\u0131klamada, t\u00f6rene h\u00fck\u00fcmeti temsilen Irak D\u0131\u015fi\u015fleri Bakan\u0131 Fuat H\u00fcseyin&#8217;in kat\u0131laca\u011f\u0131 kaydedildi.<\/p>\n<p>                            <span class=\"detay-foto-editor\">&#13;<br \/>\n                                <a href=\"https:\/\/www.aa.com.tr\/tr\/p\/abonelik-talep-formu\/1001\" target=\"_blank\" style=\"font-size:12px; color:#444; text-decoration:none;\" rel=\"noopener\">&#13;<br \/>\n                                    Anadolu Ajans\u0131 web sitesinde, AA Haber Ak\u0131\u015f Sistemi (HAS) \u00fczerinden abonelere sunulan haberler, \u00f6zetlenerek yay\u0131mlanmaktad\u0131r. <b style=\"color:#1897F7\">Abonelik i\u00e7in l\u00fctfen ileti\u015fime ge\u00e7iniz.<\/b>&#13;<br \/>\n                                <\/a>&#13;<br \/>\n                            <\/span>\n                        <\/div>\n<p><script>\n\t  window.fbAsyncInit = function() {\n\t\tFB.init({\n\t\t  appId: '1855843514662870',\n\t\t  status : true, \/\/ check login status\n\t\t  cookie : true, \/\/ enable cookies to allow the server to access the session\n\t\t  xfbml  : true  \/\/ parse XFBML\n\t\t});\n\t  };<\/p>\n<p>\t  (function() {\n\t\tvar e = document.createElement('script');\n\t\te.src=\"https:\/\/connect.facebook.net\/tr_TR\/all.js\";\n\t\te.async = true;\n\t\tdocument.getElementById('fb-root').appendChild(e);\n\t  }());\n    <\/script><\/p>\n","protected":false},"excerpt":{"rendered":"<p>Pakistan&#8217;\u0131n Ankara B\u00fcy\u00fckel\u00e7ili\u011finden yap\u0131lan bilgilendirmeye g\u00f6re, Cumhurba\u015fkan\u0131 Erdo\u011fan&#8217;\u0131n davetlisi olarak Ankara&#8217;ya gelen \u015eerif, Esenbo\u011fa Havaliman\u0131&#8217;nda \u00fcst d\u00fczey T\u00fcrk yetkililer taraf\u0131ndan kar\u015f\u0131land\u0131. \u015eerif&#8217;in heyetinde, Pencap Eyalet Ba\u015fbakan\u0131 Seyid Muhsin Raza Nakvi, Pakistan Enformasyon ve Yay\u0131n Bakan\u0131 Marriyum Aurangzeb, Ba\u015fbakan \u00d6zel Yard\u0131mc\u0131s\u0131 Tar\u0131k Fatemi yer al\u0131yor. Cumhurba\u015fkan\u0131 Erdo\u011fan&#8217;\u0131n &#8220;G\u00f6reve Ba\u015flama T\u00f6reni&#8221;ne kat\u0131lacak olan \u015eerif, ayr\u0131ca enerji, altyap\u0131, [&hellip;]<\/p>\n","protected":false},"author":1,"featured_media":6443,"comment_status":"","ping_status":"","sticky":false,"template":"","format":"standard","meta":[],"categories":[1],"tags":[],"_links":{"self":[{"href":"https:\/\/kraios.app\/news\/wp-json\/wp\/v2\/posts\/6442"}],"collection":[{"href":"https:\/\/kraios.app\/news\/wp-json\/wp\/v2\/posts"}],"about":[{"href":"https:\/\/kraios.app\/news\/wp-json\/wp\/v2\/types\/post"}],"author":[{"embeddable":true,"href":"https:\/\/kraios.app\/news\/wp-json\/wp\/v2\/users\/1"}],"replies":[{"embeddable":true,"href":"https:\/\/kraios.app\/news\/wp-json\/wp\/v2\/comments?post=6442"}],"version-history":[{"count":0,"href":"https:\/\/kraios.app\/news\/wp-json\/wp\/v2\/posts\/6442\/revisions"}],"wp:featuredmedia":[{"embeddable":true,"href":"https:\/\/kraios.app\/news\/wp-json\/wp\/v2\/media\/6443"}],"wp:attachment":[{"href":"https:\/\/kraios.app\/news\/wp-json\/wp\/v2\/media?parent=6442"}],"wp:term":[{"taxonomy":"category","embeddable":true,"href":"https:\/\/kraios.app\/news\/wp-json\/wp\/v2\/categories?post=6442"},{"taxonomy":"post_tag","embeddable":true,"href":"https:\/\/kraios.app\/news\/wp-json\/wp\/v2\/tags?post=6442"}],"curies":[{"name":"wp","href":"https:\/\/api.w.org\/{rel}","templated":true}]}}