{"id":6428,"date":"2023-06-02T23:20:04","date_gmt":"2023-06-02T23:20:04","guid":{"rendered":"https:\/\/kraios.app\/news\/gundem\/2023\/06\/02\/28-donem-milletvekilleri-yemin-etti\/"},"modified":"2023-06-02T23:20:04","modified_gmt":"2023-06-02T23:20:04","slug":"28-donem-milletvekilleri-yemin-etti","status":"publish","type":"post","link":"https:\/\/kraios.app\/news\/gundem\/2023\/06\/02\/28-donem-milletvekilleri-yemin-etti\/","title":{"rendered":"28. D\u00f6nem milletvekilleri yemin etti"},"content":{"rendered":"<p><\/p>\n<div>\n<p>Ge\u00e7ici TBMM Ba\u015fkan\u0131 Devlet Bah\u00e7eli ba\u015fkanl\u0131\u011f\u0131nda toplanan Genel Kurul&#8217;da, toplam 581 milletvekili ant i\u00e7ti. Ant i\u00e7me t\u00f6reni 10,5 saat s\u00fcrd\u00fc. Yemin etmeyen milletvekilleri, Genel Kurul&#8217;a kat\u0131ld\u0131klar\u0131 ilk birle\u015fimin ba\u015f\u0131nda yemin edecekler.<\/p>\n<p>Cumhurba\u015fkan\u0131 Recep Tayyip Erdo\u011fan, kendisi i\u00e7in ayr\u0131lan \u00f6zel locada yemin t\u00f6reninin bir b\u00f6l\u00fcm\u00fcn\u00fc takip etti. Genel Kurul&#8217;a girdi\u011finde uzun s\u00fcre alk\u0131\u015flanan Erdo\u011fan, milletvekillerini ve dinleyici locas\u0131ndaki vatanda\u015flar\u0131 selamlad\u0131.<\/p>\n<p>CHP Genel Ba\u015fkan\u0131 Kemal K\u0131l\u0131\u00e7daro\u011flu da t\u00f6renin bir b\u00f6l\u00fcm\u00fcn\u00fc locadan izledi. Cumhurba\u015fkan\u0131 aday\u0131 olmas\u0131 dolay\u0131s\u0131yla milletvekili se\u00e7iminde aday olamayan K\u0131l\u0131\u00e7daro\u011flu, ilk defa bir yasama d\u00f6neminin a\u00e7\u0131l\u0131\u015f\u0131n\u0131 locadan takip etti.<\/p>\n<p>Milletvekili s\u0131ralar\u0131na, \u00fczerinde 28. D\u00f6nem Milletvekilleri Ant \u0130\u00e7me T\u00f6reni yaz\u0131l\u0131 kokartlar ile papatya ve karanfillerden olu\u015fan \u00e7i\u00e7ek buketleri b\u0131rak\u0131ld\u0131.<\/p>\n<p>Yemin s\u0131ras\u0131 gelen milletvekillerinin yak\u0131nlar\u0131, s\u0131rayla izleyici locas\u0131na al\u0131narak milletvekillerinin yeminini izledi.<\/p>\n<p>AK Parti Ankara Milletvekili Osman G\u00f6k\u00e7ek yemin metnini tamamlamas\u0131n\u0131n ard\u0131ndan k\u00fcrs\u00fcden ayr\u0131l\u0131rken CHP Ankara Milletvekili Murat Emir&#8217;in &#8220;Eksik s\u00f6yledi.&#8221; \u015feklindeki itiraz\u0131 \u00fczerine &#8220;Tekrar okuyay\u0131m.&#8221; diyerek yemin metnini tekrar etti.<\/p>\n<p>G\u00f6rme engelli Gelecek Partisi Antalya Milletvekili Serap Yaz\u0131c\u0131 \u00d6zbudun&#8217;a, k\u00fcrs\u00fcye geli\u015finde ve k\u00fcrs\u00fcden ayr\u0131l\u0131\u015f\u0131nda kavaslar e\u015flik etti.<\/p>\n<p>Ye\u015filler ve Sol Gelecek Partisi (Ye\u015fil Sol Parti) \u0130stanbul Milletvekili S\u0131rr\u0131 S\u00fcreyya \u00d6nder, Grup Ba\u015fkanvekili ve Erzurum Milletvekili Meral Dan\u0131\u015f Be\u015fta\u015f, HDP E\u015f Genel Ba\u015fkanlar\u0131 Van Milletvekili Pervin Buldan ve \u015eanl\u0131urfa Milletvekili Mithat Sancar, \u0130zmir Milletvekili \u0130brahim Ak\u0131n mazeretleri sebebiyle \u00f6nceden yemin etti.<\/p>\n<p>Bir s\u00fcre \u00f6nce trafik kazas\u0131 ge\u00e7iren Meral Dan\u0131\u015f Be\u015fta\u015f&#8217;\u0131n yemin i\u00e7in k\u00fcrs\u00fcye giderken y\u00fcr\u00fcmekte zorland\u0131\u011f\u0131 g\u00f6r\u00fcld\u00fc.<\/p>\n<p>Ayr\u0131ca, tutuklu bulunan T\u0130P Hatay Milletvekili \u015eerafettin Can Atalay, yemin etmesi i\u00e7in k\u00fcrs\u00fcye \u00e7a\u011fr\u0131ld\u0131\u011f\u0131nda, T\u0130P&#8217;li milletvekilleri Atalay&#8217;\u0131n bir foto\u011fraf\u0131n\u0131 g\u00f6sterdi.<\/p>\n<p>\u0130Y\u0130 Parti \u0130stanbul Milletvekili Nimet \u00d6zdemir&#8217;in, yemin metnindeki &#8220;Atat\u00fcrk&#8221; ifadesini kullan\u0131rken sesinin tonunu y\u00fckseltmesi dikkati \u00e7ekti.<\/p>\n<p>Eski TBMM Ba\u015fkan\u0131 B\u00fclent Ar\u0131n\u00e7, o\u011flu AK Parti Manisa Milletvekili Ahmet M\u00fccahit Ar\u0131n\u00e7&#8217;\u0131n yeminini, ailesiyle birlikte locadan izledi.<\/p>\n<p>Saadet Partisi Kocaeli Milletvekili Hasan Bitmez, AK Parti Kocaeli Milletvekili Cemil Yaman, AK Parti \u015eanl\u0131urfa Milletvekili \u0130brahim Eyy\u00fcpo\u011flu, \u0130Y\u0130 Parti Gaziantep Milletvekili Mehmet Mustafa G\u00fcrban ve AK Parti Kayseri Milletvekili Ay\u015fe B\u00f6h\u00fcrler, yemin metnini yanl\u0131\u015f ya da eksik okuduklar\u0131 i\u00e7in yeniden ant i\u00e7tiler.<\/p>\n<p>\u015eanl\u0131urfa milletvekilleri yemin etti\u011fi s\u0131rada izleyici locas\u0131ndan gelen seslerin y\u00fckselmesi ve hareketlilik nedeniyle Bah\u00e7eli, Meclis \u0130\u00e7t\u00fcz\u00fc\u011f\u00fc&#8217;ne g\u00f6re dinleyicilerin s\u00fckunet i\u00e7inde oturmak zorunda oldu\u011fu, s\u00f6z, alk\u0131\u015f veya ba\u015fka bir hareketle d\u00fc\u015f\u00fcncelerini ortaya koyamayaca\u011f\u0131na dair uyar\u0131da bulundu. Bah\u00e7eli, bu yasa\u011fa uymayanlar\u0131n Genel Kurul salonundan \u00e7\u0131kar\u0131laca\u011f\u0131n\u0131 belirterek, herkesi s\u00fckunete davet etti.<\/p>\n<p>CHP \u015eanl\u0131urfa Milletvekili Mahmut Tanal, k\u00fcrs\u00fcye geldi\u011finde Genel Kurul&#8217;u selamlad\u0131ktan sonra yemin metnini okudu. Bunun \u00fczerine Bah\u00e7eli, k\u00fcrs\u00fcde yemin metni haricinde bir ifade kullan\u0131lamayaca\u011f\u0131n\u0131 belirterek, Tanal&#8217;dan yeniden ant i\u00e7mesini istedi. Tanal, yeniden yemin etti.<\/p>\n<p>Yemin t\u00f6reninin tamamlanmas\u0131n\u0131n ard\u0131ndan, TBMM Ge\u00e7ici Ba\u015fkan\u0131 Devlet Bah\u00e7eli, Anayasan\u0131n 94. maddesi gere\u011fince TBMM Ba\u015fkanl\u0131\u011f\u0131 i\u00e7in g\u00f6sterilecek adaylar\u0131n Meclis&#8217;in topland\u0131\u011f\u0131 2 Haziran Cuma g\u00fcn\u00fcnden itibaren 5 g\u00fcn i\u00e7inde Ge\u00e7ici Ba\u015fkanl\u0131k Divan\u0131na bildirilmesi gerekti\u011fini s\u00f6yledi.<\/p>\n<p>Ba\u015fkan adaylar\u0131n\u0131n isimlerinin 6 Haziran Sal\u0131 g\u00fcn\u00fc saat 24.00&#8217;e kadar bildirilebilece\u011fini kaydeden Bah\u00e7eli, &#8220;Meclis Ba\u015fkan\u0131 se\u00e7imine 7 Haziran \u00c7ar\u015famba g\u00fcn\u00fc saat 14.00&#8217;te ba\u015flanacakt\u0131r.&#8221; dedi.<\/p>\n<p>Devlet Bah\u00e7eli, Cumhurba\u015fkan\u0131 Recep Tayyip Erdo\u011fan&#8217;\u0131n ant i\u00e7me t\u00f6reni i\u00e7in saat 15.00&#8217;te toplanmak \u00fczere birle\u015fimi kapatt\u0131.<\/p>\n<p>\u00d6te yandan, ABD&#8217;nin Ankara B\u00fcy\u00fckel\u00e7isi Jeffry Flake, Rusya&#8217;n\u0131n Ankara B\u00fcy\u00fckel\u00e7isi Aleksey Yerhov, Azerbaycan&#8217;\u0131n Ankara B\u00fcy\u00fckel\u00e7isi Re\u015fad Memmedov, AB T\u00fcrkiye Delegasyonu Ba\u015fkan\u0131 B\u00fcy\u00fckel\u00e7i Nikolaus Meyer-Landrut yemin t\u00f6renini Kordiplomatik Loca&#8217;dan takip eden b\u00fcy\u00fckel\u00e7iler aras\u0131nda yer ald\u0131.<\/p>\n<p>                            <span class=\"detay-foto-editor\">&#13;<br \/>\n                                <a href=\"https:\/\/www.aa.com.tr\/tr\/p\/abonelik-talep-formu\/1001\" target=\"_blank\" style=\"font-size:12px; color:#444; text-decoration:none;\" rel=\"noopener\">&#13;<br \/>\n                                    Anadolu Ajans\u0131 web sitesinde, AA Haber Ak\u0131\u015f Sistemi (HAS) \u00fczerinden abonelere sunulan haberler, \u00f6zetlenerek yay\u0131mlanmaktad\u0131r. <b style=\"color:#1897F7\">Abonelik i\u00e7in l\u00fctfen ileti\u015fime ge\u00e7iniz.<\/b>&#13;<br \/>\n                                <\/a>&#13;<br \/>\n                            <\/span>\n                        <\/div>\n<p><script>\n\t  window.fbAsyncInit = function() {\n\t\tFB.init({\n\t\t  appId: '1855843514662870',\n\t\t  status : true, \/\/ check login status\n\t\t  cookie : true, \/\/ enable cookies to allow the server to access the session\n\t\t  xfbml  : true  \/\/ parse XFBML\n\t\t});\n\t  };<\/p>\n<p>\t  (function() {\n\t\tvar e = document.createElement('script');\n\t\te.src=\"https:\/\/connect.facebook.net\/tr_TR\/all.js\";\n\t\te.async = true;\n\t\tdocument.getElementById('fb-root').appendChild(e);\n\t  }());\n    <\/script><\/p>\n","protected":false},"excerpt":{"rendered":"<p>Ge\u00e7ici TBMM Ba\u015fkan\u0131 Devlet Bah\u00e7eli ba\u015fkanl\u0131\u011f\u0131nda toplanan Genel Kurul&#8217;da, toplam 581 milletvekili ant i\u00e7ti. Ant i\u00e7me t\u00f6reni 10,5 saat s\u00fcrd\u00fc. Yemin etmeyen milletvekilleri, Genel Kurul&#8217;a kat\u0131ld\u0131klar\u0131 ilk birle\u015fimin ba\u015f\u0131nda yemin edecekler. Cumhurba\u015fkan\u0131 Recep Tayyip Erdo\u011fan, kendisi i\u00e7in ayr\u0131lan \u00f6zel locada yemin t\u00f6reninin bir b\u00f6l\u00fcm\u00fcn\u00fc takip etti. Genel Kurul&#8217;a girdi\u011finde uzun s\u00fcre alk\u0131\u015flanan Erdo\u011fan, milletvekillerini ve [&hellip;]<\/p>\n","protected":false},"author":1,"featured_media":6429,"comment_status":"","ping_status":"","sticky":false,"template":"","format":"standard","meta":[],"categories":[1],"tags":[],"_links":{"self":[{"href":"https:\/\/kraios.app\/news\/wp-json\/wp\/v2\/posts\/6428"}],"collection":[{"href":"https:\/\/kraios.app\/news\/wp-json\/wp\/v2\/posts"}],"about":[{"href":"https:\/\/kraios.app\/news\/wp-json\/wp\/v2\/types\/post"}],"author":[{"embeddable":true,"href":"https:\/\/kraios.app\/news\/wp-json\/wp\/v2\/users\/1"}],"replies":[{"embeddable":true,"href":"https:\/\/kraios.app\/news\/wp-json\/wp\/v2\/comments?post=6428"}],"version-history":[{"count":0,"href":"https:\/\/kraios.app\/news\/wp-json\/wp\/v2\/posts\/6428\/revisions"}],"wp:featuredmedia":[{"embeddable":true,"href":"https:\/\/kraios.app\/news\/wp-json\/wp\/v2\/media\/6429"}],"wp:attachment":[{"href":"https:\/\/kraios.app\/news\/wp-json\/wp\/v2\/media?parent=6428"}],"wp:term":[{"taxonomy":"category","embeddable":true,"href":"https:\/\/kraios.app\/news\/wp-json\/wp\/v2\/categories?post=6428"},{"taxonomy":"post_tag","embeddable":true,"href":"https:\/\/kraios.app\/news\/wp-json\/wp\/v2\/tags?post=6428"}],"curies":[{"name":"wp","href":"https:\/\/api.w.org\/{rel}","templated":true}]}}