{"id":6354,"date":"2023-06-02T02:26:52","date_gmt":"2023-06-02T02:26:52","guid":{"rendered":"https:\/\/kraios.app\/news\/gundem\/2023\/06\/02\/cin-savunma-bakani-li-tayvana-karsi-guc-kullanimini-dislamayacaklari-mesaji-verdi\/"},"modified":"2023-06-02T02:26:52","modified_gmt":"2023-06-02T02:26:52","slug":"cin-savunma-bakani-li-tayvana-karsi-guc-kullanimini-dislamayacaklari-mesaji-verdi","status":"publish","type":"post","link":"https:\/\/kraios.app\/news\/gundem\/2023\/06\/02\/cin-savunma-bakani-li-tayvana-karsi-guc-kullanimini-dislamayacaklari-mesaji-verdi\/","title":{"rendered":"\u00c7in Savunma Bakan\u0131 Li, Tayvan&#8217;a kar\u015f\u0131 &#8220;g\u00fc\u00e7 kullan\u0131m\u0131n\u0131 d\u0131\u015flamayacaklar\u0131&#8221; mesaj\u0131 verdi"},"content":{"rendered":"<p><\/p>\n<div>\n<p>Bakan Li, Asya-Pasifik b\u00f6lgesinin en \u00f6nemli g\u00fcvenlik forumu Shangri-La Diyalo\u011fu&#8217;na kat\u0131lmak i\u00e7in geldi\u011fi Singapur&#8217;da mevkida\u015f\u0131 Ng Eng Hen ile g\u00f6r\u00fc\u015ft\u00fc.<\/p>\n<p>\u00c7in Savunma Bakanl\u0131\u011f\u0131 S\u00f6zc\u00fcs\u00fc Tan K\u0131fey&#8217;in g\u00f6r\u00fc\u015fmenin ard\u0131ndan Singapur&#8217;da bas\u0131n mensuplar\u0131na yapt\u0131\u011f\u0131 a\u00e7\u0131klamaya g\u00f6re, Li, \u00c7in&#8217;in Tayvan ile bar\u0131\u015f\u00e7\u0131 birle\u015fmeden yana oldu\u011funu, ancak gerekirse g\u00fc\u00e7 kullanmay\u0131 &#8220;kesinlikle&#8221; d\u0131\u015flamayacaklar\u0131n\u0131 vurgulad\u0131.<\/p>\n<p>Li, Tayvan&#8217;da h\u00fck\u00fcmette olan Demokratik \u0130lerici Parti (DPP) otoritelerinin ba\u011f\u0131ms\u0131zl\u0131k i\u00e7in di\u011fer \u00fclkelerden destek almas\u0131n\u0131n kabul edilemeyece\u011fi mesaj\u0131 verdi.<\/p>\n<p>S\u00f6zc\u00fc Tan, &#8220;Bar\u0131\u015f\u00e7\u0131 birle\u015fme i\u00e7in elimizden gelen t\u00fcm \u00e7abay\u0131 samimiyetle g\u00f6sterece\u011fiz. Ancak DPP otoritelerinin Tayvan&#8217;\u0131n ba\u011f\u0131ms\u0131zl\u0131\u011f\u0131 i\u00e7in d\u0131\u015f destek aramas\u0131na ve d\u0131\u015f g\u00fc\u00e7lerin Tayvan&#8217;\u0131 \u00c7in&#8217;i \u00e7evrelemek i\u00e7in kullanmas\u0131na asla m\u00fcsamaha etmeyecek, g\u00fc\u00e7 kullan\u0131m\u0131n\u0131 d\u0131\u015flama konusunda kesinlikle s\u00f6z vermeyece\u011fiz.&#8221; ifadelerini kulland\u0131.<\/p>\n<p>\u00c7inli Bakan&#8217;\u0131n kritik g\u00fcvenlik forumu \u00f6ncesinde verdi\u011fi mesaj\u0131n, Singapur&#8217;a ve ASEAN \u00fcyesi di\u011fer b\u00f6lge \u00fclkelerine Tayvan odakl\u0131 bir cephele\u015fmede ABD ve Bat\u0131l\u0131 m\u00fcttefiklerinin yan\u0131nda olmamalar\u0131 konusunda bir uyar\u0131 oldu\u011fu de\u011ferlendirmesi yap\u0131l\u0131yor.<\/p>\n<p>\u00c7in&#8217;in topraklar\u0131n\u0131n par\u00e7as\u0131 oldu\u011funu savundu\u011fu Tayvan, \u00c7in Halk Cumhuriyeti&#8217;nin kuruldu\u011fu 1949&#8217;dan bu yana fiili ba\u011f\u0131ms\u0131zl\u0131\u011fa sahip bulunuyor. \u00c7in ana karas\u0131 ile Tayvan aras\u0131nda i\u00e7 sava\u015f\u0131n ard\u0131ndan ortaya \u00e7\u0131kan ayr\u0131l\u0131k hala devam ediyor.<\/p>\n<h3>Direkt askeri telefon hatt\u0131<\/h3>\n<p>\u00c7inli ve Singapurlu bakanlar\u0131n g\u00f6r\u00fc\u015fmesinde ayr\u0131ca, iki \u00fclke bakanlar\u0131 aras\u0131nda \u00fcst d\u00fczey askeri yetkililer aras\u0131nda ileti\u015fim i\u00e7in direkt telefon hatt\u0131 kurulmas\u0131 i\u00e7in \u00e7al\u0131\u015fma y\u00fcr\u00fct\u00fclmesi konusunda mutabakat zapt\u0131 imzaland\u0131.<\/p>\n<p>\u00c7in ve Singapur, 2019&#8217;da imzalad\u0131klar\u0131 Savunma \u0130li\u015fkileri ve G\u00fcvenlik \u0130\u015fbirli\u011fi anla\u015fmas\u0131yla askeri alandaki ili\u015fkilerini derinle\u015ftirme karar\u0131 alm\u0131\u015ft\u0131.<\/p>\n<p>\u0130ki \u00fclke ordular\u0131, Nisan 2023&#8217;de, 2021&#8217;den bu yana ilk kez ortak askeri tatbikat d\u00fczenlemi\u015fti. \u00c7in, tatbikat i\u00e7in bir f\u00fcze f\u0131rkateyni ile may\u0131n s\u00fcp\u00fcrge gemisini Singapur&#8217;a g\u00f6ndermi\u015fti.<\/p>\n<p>                            <span class=\"detay-foto-editor\">&#13;<br \/>\n                                <a href=\"https:\/\/www.aa.com.tr\/tr\/p\/abonelik-talep-formu\/1001\" target=\"_blank\" style=\"font-size:12px; color:#444; text-decoration:none;\" rel=\"noopener\">&#13;<br \/>\n                                    Anadolu Ajans\u0131 web sitesinde, AA Haber Ak\u0131\u015f Sistemi (HAS) \u00fczerinden abonelere sunulan haberler, \u00f6zetlenerek yay\u0131mlanmaktad\u0131r. <b style=\"color:#1897F7\">Abonelik i\u00e7in l\u00fctfen ileti\u015fime ge\u00e7iniz.<\/b>&#13;<br \/>\n                                <\/a>&#13;<br \/>\n                            <\/span>\n                        <\/div>\n<p><script>\n\t  window.fbAsyncInit = function() {\n\t\tFB.init({\n\t\t  appId: '1855843514662870',\n\t\t  status : true, \/\/ check login status\n\t\t  cookie : true, \/\/ enable cookies to allow the server to access the session\n\t\t  xfbml  : true  \/\/ parse XFBML\n\t\t});\n\t  };<\/p>\n<p>\t  (function() {\n\t\tvar e = document.createElement('script');\n\t\te.src=\"https:\/\/connect.facebook.net\/tr_TR\/all.js\";\n\t\te.async = true;\n\t\tdocument.getElementById('fb-root').appendChild(e);\n\t  }());\n    <\/script><\/p>\n","protected":false},"excerpt":{"rendered":"<p>Bakan Li, Asya-Pasifik b\u00f6lgesinin en \u00f6nemli g\u00fcvenlik forumu Shangri-La Diyalo\u011fu&#8217;na kat\u0131lmak i\u00e7in geldi\u011fi Singapur&#8217;da mevkida\u015f\u0131 Ng Eng Hen ile g\u00f6r\u00fc\u015ft\u00fc. \u00c7in Savunma Bakanl\u0131\u011f\u0131 S\u00f6zc\u00fcs\u00fc Tan K\u0131fey&#8217;in g\u00f6r\u00fc\u015fmenin ard\u0131ndan Singapur&#8217;da bas\u0131n mensuplar\u0131na yapt\u0131\u011f\u0131 a\u00e7\u0131klamaya g\u00f6re, Li, \u00c7in&#8217;in Tayvan ile bar\u0131\u015f\u00e7\u0131 birle\u015fmeden yana oldu\u011funu, ancak gerekirse g\u00fc\u00e7 kullanmay\u0131 &#8220;kesinlikle&#8221; d\u0131\u015flamayacaklar\u0131n\u0131 vurgulad\u0131. Li, Tayvan&#8217;da h\u00fck\u00fcmette olan Demokratik \u0130lerici [&hellip;]<\/p>\n","protected":false},"author":1,"featured_media":6355,"comment_status":"","ping_status":"","sticky":false,"template":"","format":"standard","meta":[],"categories":[1],"tags":[],"_links":{"self":[{"href":"https:\/\/kraios.app\/news\/wp-json\/wp\/v2\/posts\/6354"}],"collection":[{"href":"https:\/\/kraios.app\/news\/wp-json\/wp\/v2\/posts"}],"about":[{"href":"https:\/\/kraios.app\/news\/wp-json\/wp\/v2\/types\/post"}],"author":[{"embeddable":true,"href":"https:\/\/kraios.app\/news\/wp-json\/wp\/v2\/users\/1"}],"replies":[{"embeddable":true,"href":"https:\/\/kraios.app\/news\/wp-json\/wp\/v2\/comments?post=6354"}],"version-history":[{"count":0,"href":"https:\/\/kraios.app\/news\/wp-json\/wp\/v2\/posts\/6354\/revisions"}],"wp:featuredmedia":[{"embeddable":true,"href":"https:\/\/kraios.app\/news\/wp-json\/wp\/v2\/media\/6355"}],"wp:attachment":[{"href":"https:\/\/kraios.app\/news\/wp-json\/wp\/v2\/media?parent=6354"}],"wp:term":[{"taxonomy":"category","embeddable":true,"href":"https:\/\/kraios.app\/news\/wp-json\/wp\/v2\/categories?post=6354"},{"taxonomy":"post_tag","embeddable":true,"href":"https:\/\/kraios.app\/news\/wp-json\/wp\/v2\/tags?post=6354"}],"curies":[{"name":"wp","href":"https:\/\/api.w.org\/{rel}","templated":true}]}}