{"id":6318,"date":"2023-06-01T17:19:39","date_gmt":"2023-06-01T17:19:39","guid":{"rendered":"https:\/\/kraios.app\/news\/gundem\/2023\/06\/01\/kosova-cumhurbaskani-osmani-avrupali-liderlerle-ulkedeki-son-gelismeleri-gorustu\/"},"modified":"2023-06-01T17:19:39","modified_gmt":"2023-06-01T17:19:39","slug":"kosova-cumhurbaskani-osmani-avrupali-liderlerle-ulkedeki-son-gelismeleri-gorustu","status":"publish","type":"post","link":"https:\/\/kraios.app\/news\/gundem\/2023\/06\/01\/kosova-cumhurbaskani-osmani-avrupali-liderlerle-ulkedeki-son-gelismeleri-gorustu\/","title":{"rendered":"Kosova Cumhurba\u015fkan\u0131 Osmani, Avrupal\u0131 liderlerle \u00fclkedeki son geli\u015fmeleri g\u00f6r\u00fc\u015ft\u00fc"},"content":{"rendered":"<p><\/p>\n<div>\n<p>Avrupa Siyasi Toplulu\u011fu&#8217;nun (AST) ikinci toplant\u0131s\u0131 i\u00e7in Moldova&#8217;da bulunan <strong>Osmani<\/strong>, Almanya Ba\u015fbakan\u0131 Olaf Scholz, Fransa Cumhurba\u015fkan\u0131 Emmanuel Macron ve Avrupa Birli\u011fi (AB) D\u0131\u015fi\u015fleri ve G\u00fcvenlik Politikalar\u0131 Y\u00fcksek Temsilcisi Josep Borrell bir araya geldi.<\/p>\n<p><strong>Kosova<\/strong> Cumhurba\u015fkanl\u0131\u011f\u0131ndan yap\u0131lan a\u00e7\u0131klamada, g\u00f6r\u00fc\u015fmede Kosova ve b\u00f6lgedeki son siyasi ve g\u00fcvenlik geli\u015fmelerin ele al\u0131nd\u0131\u011f\u0131 ifade edildi.<\/p>\n<p>A\u00e7\u0131klamada, &#8220;Cumhurba\u015fkan\u0131 Osmani, \u00fclkenin i\u00e7inden ge\u00e7mekte oldu\u011fu s\u00fcre\u00e7lerde uluslararas\u0131 ortaklarla koordinasyonu s\u00fcrd\u00fcrme kararl\u0131l\u0131\u011f\u0131n\u0131 yineledi. Cumhurba\u015fkan\u0131, Kosova&#8217;n\u0131n \u00fclkenin kuzeyinde asayi\u015f tesis etme \u00e7abalar\u0131na, (S\u0131rbistan Cumhurba\u015fkan\u0131 Aleksandar) Vucic taraf\u0131ndan desteklenen ve Kosova polisi ve <strong>NATO<\/strong>&#8216;nun Kosova Bar\u0131\u015f G\u00fcc\u00fc (KFOR) askerlerine sald\u0131ran, gazeteci ve vatanda\u015flara sald\u0131rmaya devam eden su\u00e7 \u00e7etelerine d\u00f6n\u00fc\u015fen yasa d\u0131\u015f\u0131 S\u0131rp yap\u0131lar\u0131 taraf\u0131ndan meydan okundu\u011funu vurgulad\u0131.&#8221; ifadelerine yer verildi.<\/p>\n<p>Bu t\u00fcr eylemlerin Kosova&#8217;y\u0131 ve b\u00f6lgeyi istikrars\u0131zla\u015ft\u0131rmay\u0131 ama\u00e7lad\u0131\u011f\u0131n\u0131 belirten Osmani&#8217;nin, b\u00f6lgede bar\u0131\u015f ve istikrar\u0131 tehlikeye atan e\u011filimlere kar\u015f\u0131 AB \u00fclkelerinin benzersiz bir kar\u015f\u0131 duru\u015f sergilemesi gerekti\u011fini dile getirdi\u011fi aktar\u0131ld\u0131.<\/p>\n<p>Osmani&#8217;nin g\u00f6r\u00fc\u015fmede, Kosova ile S\u0131rbistan aras\u0131nda Br\u00fcksel ve Ohri&#8217;de var\u0131lan anla\u015fmalar\u0131n bir b\u00fct\u00fcn olarak uygulanmas\u0131 konusundaki ilkeli tutumunu yeniden teyit etti\u011fi belirtildi.<\/p>\n<h3>30 KFOR askeri yaralanm\u0131\u015ft\u0131.<\/h3>\n<p>Kosova&#8217;n\u0131n kuzeyinde S\u0131rplar\u0131n yo\u011fun oldu\u011fu Zve\u00e7an, Zubin Potok ve Leposavi\u00e7 belediyelerinde 23 Nisan&#8217;da yap\u0131lan yerel se\u00e7imleri kazanan Arnavut belediye ba\u015fkanlar\u0131n\u0131n g\u00f6reve ba\u015flamas\u0131, 26 May\u0131s&#8217;ta Kosoval\u0131 S\u0131rplar taraf\u0131ndan protesto edilmi\u015fti.<\/p>\n<p>B\u00f6lgede protestolar\u0131n s\u00fcrmesi \u00fczerine Kosova polisi ve KFOR, belediye binalar\u0131n\u0131 tel \u00f6rg\u00fclerle \u00e7evirmi\u015f ve b\u00f6lgedeki personel say\u0131s\u0131n\u0131 art\u0131rm\u0131\u015ft\u0131.<\/p>\n<p>Arnavut belediye ba\u015fkanlar\u0131n\u0131 korumak i\u00e7in b\u00f6lgeye g\u00f6nderilen Kosova polisi ile Kosoval\u0131 S\u0131rplar aras\u0131nda arbede ya\u015fanm\u0131\u015f, 29 May\u0131s\u2019ta da belediye binalar\u0131n\u0131 koruyan KFOR askerleriyle Kosoval\u0131 S\u0131rplar\u0131n kar\u015f\u0131 kar\u015f\u0131ya gelmesi sonucu 30 KFOR askeri yaralanm\u0131\u015ft\u0131.<\/p>\n<p>S\u0131rbistan da ordusunu Kosova s\u0131n\u0131r\u0131na yerle\u015ftirme karar\u0131 alm\u0131\u015ft\u0131.<\/p>\n<p>S\u0131rbistan, 2008&#8217;de tek tarafl\u0131 ba\u011f\u0131ms\u0131zl\u0131\u011f\u0131n\u0131 ilan eden Kosova&#8217;y\u0131 kendi topra\u011f\u0131 olarak g\u00f6r\u00fcyor.<\/p>\n<p>                            <span class=\"detay-foto-editor\">&#13;<br \/>\n                                <a href=\"https:\/\/www.aa.com.tr\/tr\/p\/abonelik-talep-formu\/1001\" target=\"_blank\" style=\"font-size:12px; color:#444; text-decoration:none;\" rel=\"noopener\">&#13;<br \/>\n                                    Anadolu Ajans\u0131 web sitesinde, AA Haber Ak\u0131\u015f Sistemi (HAS) \u00fczerinden abonelere sunulan haberler, \u00f6zetlenerek yay\u0131mlanmaktad\u0131r. <b style=\"color:#1897F7\">Abonelik i\u00e7in l\u00fctfen ileti\u015fime ge\u00e7iniz.<\/b>&#13;<br \/>\n                                <\/a>&#13;<br \/>\n                            <\/span>\n                        <\/div>\n<p><script>\n\t  window.fbAsyncInit = function() {\n\t\tFB.init({\n\t\t  appId: '1855843514662870',\n\t\t  status : true, \/\/ check login status\n\t\t  cookie : true, \/\/ enable cookies to allow the server to access the session\n\t\t  xfbml  : true  \/\/ parse XFBML\n\t\t});\n\t  };<\/p>\n<p>\t  (function() {\n\t\tvar e = document.createElement('script');\n\t\te.src=\"https:\/\/connect.facebook.net\/tr_TR\/all.js\";\n\t\te.async = true;\n\t\tdocument.getElementById('fb-root').appendChild(e);\n\t  }());\n    <\/script><\/p>\n","protected":false},"excerpt":{"rendered":"<p>Avrupa Siyasi Toplulu\u011fu&#8217;nun (AST) ikinci toplant\u0131s\u0131 i\u00e7in Moldova&#8217;da bulunan Osmani, Almanya Ba\u015fbakan\u0131 Olaf Scholz, Fransa Cumhurba\u015fkan\u0131 Emmanuel Macron ve Avrupa Birli\u011fi (AB) D\u0131\u015fi\u015fleri ve G\u00fcvenlik Politikalar\u0131 Y\u00fcksek Temsilcisi Josep Borrell bir araya geldi. Kosova Cumhurba\u015fkanl\u0131\u011f\u0131ndan yap\u0131lan a\u00e7\u0131klamada, g\u00f6r\u00fc\u015fmede Kosova ve b\u00f6lgedeki son siyasi ve g\u00fcvenlik geli\u015fmelerin ele al\u0131nd\u0131\u011f\u0131 ifade edildi. A\u00e7\u0131klamada, &#8220;Cumhurba\u015fkan\u0131 Osmani, \u00fclkenin i\u00e7inden [&hellip;]<\/p>\n","protected":false},"author":1,"featured_media":6319,"comment_status":"","ping_status":"","sticky":false,"template":"","format":"standard","meta":[],"categories":[1],"tags":[],"_links":{"self":[{"href":"https:\/\/kraios.app\/news\/wp-json\/wp\/v2\/posts\/6318"}],"collection":[{"href":"https:\/\/kraios.app\/news\/wp-json\/wp\/v2\/posts"}],"about":[{"href":"https:\/\/kraios.app\/news\/wp-json\/wp\/v2\/types\/post"}],"author":[{"embeddable":true,"href":"https:\/\/kraios.app\/news\/wp-json\/wp\/v2\/users\/1"}],"replies":[{"embeddable":true,"href":"https:\/\/kraios.app\/news\/wp-json\/wp\/v2\/comments?post=6318"}],"version-history":[{"count":0,"href":"https:\/\/kraios.app\/news\/wp-json\/wp\/v2\/posts\/6318\/revisions"}],"wp:featuredmedia":[{"embeddable":true,"href":"https:\/\/kraios.app\/news\/wp-json\/wp\/v2\/media\/6319"}],"wp:attachment":[{"href":"https:\/\/kraios.app\/news\/wp-json\/wp\/v2\/media?parent=6318"}],"wp:term":[{"taxonomy":"category","embeddable":true,"href":"https:\/\/kraios.app\/news\/wp-json\/wp\/v2\/categories?post=6318"},{"taxonomy":"post_tag","embeddable":true,"href":"https:\/\/kraios.app\/news\/wp-json\/wp\/v2\/tags?post=6318"}],"curies":[{"name":"wp","href":"https:\/\/api.w.org\/{rel}","templated":true}]}}