{"id":6306,"date":"2023-06-01T16:20:04","date_gmt":"2023-06-01T16:20:04","guid":{"rendered":"https:\/\/kraios.app\/news\/gundem\/2023\/06\/01\/ap-macaristanin-2024te-ab-donem-baskanligini-yurutebileceginden-supheli\/"},"modified":"2023-06-01T16:20:04","modified_gmt":"2023-06-01T16:20:04","slug":"ap-macaristanin-2024te-ab-donem-baskanligini-yurutebileceginden-supheli","status":"publish","type":"post","link":"https:\/\/kraios.app\/news\/gundem\/2023\/06\/01\/ap-macaristanin-2024te-ab-donem-baskanligini-yurutebileceginden-supheli\/","title":{"rendered":"AP, Macaristan&#8217;\u0131n 2024&#8217;te AB d\u00f6nem ba\u015fkanl\u0131\u011f\u0131n\u0131 y\u00fcr\u00fctebilece\u011finden \u015f\u00fcpheli"},"content":{"rendered":"<p><\/p>\n<div>\n<p>AP Genel Kurulunda, Macaristan&#8217;da hukukun \u00fcst\u00fcnl\u00fc\u011f\u00fc, temek haklar ve <strong>AB<\/strong> de\u011ferleri konusunda d\u00fcn d\u00fczenlenen oturumun ard\u0131ndan bug\u00fcn oylama yap\u0131ld\u0131.<\/p>\n<p>Soldan merkez sa\u011fa kadar her parti taraf\u0131ndan desteklenen karar tasar\u0131s\u0131, 442 oyla kabul edildi.<\/p>\n<p>Ard\u0131ndan AP&#8217;den yap\u0131lan yaz\u0131l\u0131 a\u00e7\u0131klamada, milletvekillerinin, s\u00f6z konusu \u00fclkede, h\u00fck\u00fcmetin, &#8220;AB de\u011ferlerini baltalamak i\u00e7in kas\u0131tl\u0131 ve sistematik \u00e7abalar\u0131&#8221; neticesinde s\u00fcrekli k\u00f6t\u00fcle\u015fen durumu ele\u015ftirdi\u011fi belirtildi.<\/p>\n<p>A\u00e7\u0131klamada \u015fu ifadelere yer verildi:<\/p>\n<p>&#8220;AP, Macaristan&#8217;\u0131n AB yasalar\u0131na ve de\u011ferlerine uymamas\u0131n\u0131 ve samimi i\u015fbirli\u011fi ilkesi g\u00f6z \u00f6n\u00fcne al\u0131nd\u0131\u011f\u0131nda, 2024&#8217;te bu g\u00f6revi g\u00fcvenilir bir \u015fekilde nas\u0131l yerine getirebilece\u011fini sorguluyor. Bu nedenle, Konsey&#8217;den uygun bir \u00e7\u00f6z\u00fcm bulmas\u0131n\u0131 istiyor ve b\u00f6yle bir \u00e7\u00f6z\u00fcm bulunmazsa <strong>AP<\/strong>&#8216;nin uygun \u00f6nlemleri alabilece\u011fini hat\u0131rlat\u0131yor.&#8221;<\/p>\n<p><strong>Macaristan<\/strong>, demokrasi ile hukukun \u00fcst\u00fcnl\u00fc\u011f\u00fc gibi ilkelerde gerileme oldu\u011fu gerek\u00e7esiyle bir s\u00fcredir AB taraf\u0131ndan ele\u015ftiriliyor. AB Komisyonu, 27 Nisan 2022&#8217;de, AB fonlar\u0131n\u0131n k\u00f6t\u00fcye kullan\u0131lmas\u0131na ili\u015fkin uzun s\u00fcredir devam eden endi\u015feler nedeniyle Macaristan&#8217;a kar\u015f\u0131 b\u00fct\u00e7eden pay verilmesini \u015farta ba\u011flayan prosed\u00fcr\u00fc ba\u015flatt\u0131\u011f\u0131n\u0131 duyurmu\u015ftu. AB, Macaristan&#8217;\u0131n pay\u0131na d\u00fc\u015fen hibe ve kredilerden olu\u015fan yakla\u015f\u0131k 30 milyar avroyu dondurmu\u015ftu.<\/p>\n<h3>Eva Kaili bug\u00fcn de kat\u0131lmad\u0131<\/h3>\n<p>\u00d6te yandan, AP ba\u011flant\u0131l\u0131 yolsuzluk soru\u015fturmas\u0131n\u0131n en bilinen ismi, AP&#8217;nin eski ba\u015fkan yard\u0131mc\u0131s\u0131 Eva Kaili&#8217;nin, ge\u00e7en hafta hakk\u0131nda tutuksuz yarg\u0131lama karar\u0131 \u00e7\u0131kmas\u0131 \u00fczerine, d\u00fcn ve bug\u00fcnk\u00fc Genel Kurul oturumlar\u0131na kat\u0131lmas\u0131 beklenmi\u015fti.<\/p>\n<p>Oturumlara kat\u0131lacaklar aras\u0131nda Kaili&#8217;nin ismine de yer verilmesine ra\u011fmen, Yunan milletvekili AP&#8217;ye gelmedi.<\/p>\n<p>Kaili&#8217;nin avukatlar\u0131 Mary Sven ve Michalis Dimitrakopoulos taraf\u0131ndan yap\u0131lan yaz\u0131l\u0131 a\u00e7\u0131klamada, Kaili&#8217;nin oturumlara ki\u015fisel nedenle kat\u0131lamad\u0131\u011f\u0131, gelecek g\u00fcnlerde ise g\u00f6revine d\u00f6nece\u011fi bildirildi.<\/p>\n<p>A\u00e7\u0131klamada ayr\u0131ca Kaili&#8217;nin, AP&#8217;nin Strazburg&#8217;daki oturumlar\u0131na kat\u0131lmak istemesi nedeniyle ba\u015fta \u00fclke d\u0131\u015f\u0131na \u00e7\u0131kma yasa\u011f\u0131 olmak \u00fczere k\u0131s\u0131tlay\u0131c\u0131 ko\u015fullar\u0131n kald\u0131r\u0131lmas\u0131 i\u00e7in yasal i\u015flem ba\u015flat\u0131ld\u0131\u011f\u0131 kaydedildi.<\/p>\n<p>Yolsuzluk, r\u00fc\u015fvet ve kara para aklama soru\u015fturmas\u0131nda, Aral\u0131k 2022&#8217;de tutuklanarak cezaevine g\u00f6nderilen Kaili, 14 Nisan&#8217;da ev hapsine al\u0131nm\u0131\u015ft\u0131.<\/p>\n<p>                            <span class=\"detay-foto-editor\">&#13;<br \/>\n                                <a href=\"https:\/\/www.aa.com.tr\/tr\/p\/abonelik-talep-formu\/1001\" target=\"_blank\" style=\"font-size:12px; color:#444; text-decoration:none;\" rel=\"noopener\">&#13;<br \/>\n                                    Anadolu Ajans\u0131 web sitesinde, AA Haber Ak\u0131\u015f Sistemi (HAS) \u00fczerinden abonelere sunulan haberler, \u00f6zetlenerek yay\u0131mlanmaktad\u0131r. <b style=\"color:#1897F7\">Abonelik i\u00e7in l\u00fctfen ileti\u015fime ge\u00e7iniz.<\/b>&#13;<br \/>\n                                <\/a>&#13;<br \/>\n                            <\/span>\n                        <\/div>\n<p><script>\n\t  window.fbAsyncInit = function() {\n\t\tFB.init({\n\t\t  appId: '1855843514662870',\n\t\t  status : true, \/\/ check login status\n\t\t  cookie : true, \/\/ enable cookies to allow the server to access the session\n\t\t  xfbml  : true  \/\/ parse XFBML\n\t\t});\n\t  };<\/p>\n<p>\t  (function() {\n\t\tvar e = document.createElement('script');\n\t\te.src=\"https:\/\/connect.facebook.net\/tr_TR\/all.js\";\n\t\te.async = true;\n\t\tdocument.getElementById('fb-root').appendChild(e);\n\t  }());\n    <\/script><\/p>\n","protected":false},"excerpt":{"rendered":"<p>AP Genel Kurulunda, Macaristan&#8217;da hukukun \u00fcst\u00fcnl\u00fc\u011f\u00fc, temek haklar ve AB de\u011ferleri konusunda d\u00fcn d\u00fczenlenen oturumun ard\u0131ndan bug\u00fcn oylama yap\u0131ld\u0131. Soldan merkez sa\u011fa kadar her parti taraf\u0131ndan desteklenen karar tasar\u0131s\u0131, 442 oyla kabul edildi. Ard\u0131ndan AP&#8217;den yap\u0131lan yaz\u0131l\u0131 a\u00e7\u0131klamada, milletvekillerinin, s\u00f6z konusu \u00fclkede, h\u00fck\u00fcmetin, &#8220;AB de\u011ferlerini baltalamak i\u00e7in kas\u0131tl\u0131 ve sistematik \u00e7abalar\u0131&#8221; neticesinde s\u00fcrekli k\u00f6t\u00fcle\u015fen durumu [&hellip;]<\/p>\n","protected":false},"author":1,"featured_media":6307,"comment_status":"","ping_status":"","sticky":false,"template":"","format":"standard","meta":[],"categories":[1],"tags":[],"_links":{"self":[{"href":"https:\/\/kraios.app\/news\/wp-json\/wp\/v2\/posts\/6306"}],"collection":[{"href":"https:\/\/kraios.app\/news\/wp-json\/wp\/v2\/posts"}],"about":[{"href":"https:\/\/kraios.app\/news\/wp-json\/wp\/v2\/types\/post"}],"author":[{"embeddable":true,"href":"https:\/\/kraios.app\/news\/wp-json\/wp\/v2\/users\/1"}],"replies":[{"embeddable":true,"href":"https:\/\/kraios.app\/news\/wp-json\/wp\/v2\/comments?post=6306"}],"version-history":[{"count":0,"href":"https:\/\/kraios.app\/news\/wp-json\/wp\/v2\/posts\/6306\/revisions"}],"wp:featuredmedia":[{"embeddable":true,"href":"https:\/\/kraios.app\/news\/wp-json\/wp\/v2\/media\/6307"}],"wp:attachment":[{"href":"https:\/\/kraios.app\/news\/wp-json\/wp\/v2\/media?parent=6306"}],"wp:term":[{"taxonomy":"category","embeddable":true,"href":"https:\/\/kraios.app\/news\/wp-json\/wp\/v2\/categories?post=6306"},{"taxonomy":"post_tag","embeddable":true,"href":"https:\/\/kraios.app\/news\/wp-json\/wp\/v2\/tags?post=6306"}],"curies":[{"name":"wp","href":"https:\/\/api.w.org\/{rel}","templated":true}]}}