{"id":6262,"date":"2023-06-01T04:24:48","date_gmt":"2023-06-01T04:24:48","guid":{"rendered":"https:\/\/kraios.app\/news\/gundem\/2023\/06\/01\/uskudar-cekmekoy-metrosundaki-ariza-nedeniyle-bazi-duraklarda-seferler-gerceklestirilemiyor\/"},"modified":"2023-06-01T04:24:48","modified_gmt":"2023-06-01T04:24:48","slug":"uskudar-cekmekoy-metrosundaki-ariza-nedeniyle-bazi-duraklarda-seferler-gerceklestirilemiyor","status":"publish","type":"post","link":"https:\/\/kraios.app\/news\/gundem\/2023\/06\/01\/uskudar-cekmekoy-metrosundaki-ariza-nedeniyle-bazi-duraklarda-seferler-gerceklestirilemiyor\/","title":{"rendered":"\u00dcsk\u00fcdar-\u00c7ekmek\u00f6y metrosundaki ar\u0131za nedeniyle baz\u0131 duraklarda seferler ger\u00e7ekle\u015ftirilemiyor"},"content":{"rendered":"<p>\u00dcsk\u00fcdar-\u00c7ekmek\u00f6y metrosundaki ar\u0131za nedeniyle baz\u0131 duraklarda seferler ger\u00e7ekle\u015ftirilemiyor<\/p>\n","protected":false},"excerpt":{"rendered":"<p>\u00dcsk\u00fcdar-\u00c7ekmek\u00f6y metrosundaki ar\u0131za nedeniyle baz\u0131 duraklarda seferler ger\u00e7ekle\u015ftirilemiyor<\/p>\n","protected":false},"author":1,"featured_media":6263,"comment_status":"","ping_status":"","sticky":false,"template":"","format":"standard","meta":[],"categories":[1],"tags":[],"_links":{"self":[{"href":"https:\/\/kraios.app\/news\/wp-json\/wp\/v2\/posts\/6262"}],"collection":[{"href":"https:\/\/kraios.app\/news\/wp-json\/wp\/v2\/posts"}],"about":[{"href":"https:\/\/kraios.app\/news\/wp-json\/wp\/v2\/types\/post"}],"author":[{"embeddable":true,"href":"https:\/\/kraios.app\/news\/wp-json\/wp\/v2\/users\/1"}],"replies":[{"embeddable":true,"href":"https:\/\/kraios.app\/news\/wp-json\/wp\/v2\/comments?post=6262"}],"version-history":[{"count":0,"href":"https:\/\/kraios.app\/news\/wp-json\/wp\/v2\/posts\/6262\/revisions"}],"wp:featuredmedia":[{"embeddable":true,"href":"https:\/\/kraios.app\/news\/wp-json\/wp\/v2\/media\/6263"}],"wp:attachment":[{"href":"https:\/\/kraios.app\/news\/wp-json\/wp\/v2\/media?parent=6262"}],"wp:term":[{"taxonomy":"category","embeddable":true,"href":"https:\/\/kraios.app\/news\/wp-json\/wp\/v2\/categories?post=6262"},{"taxonomy":"post_tag","embeddable":true,"href":"https:\/\/kraios.app\/news\/wp-json\/wp\/v2\/tags?post=6262"}],"curies":[{"name":"wp","href":"https:\/\/api.w.org\/{rel}","templated":true}]}}