{"id":6243,"date":"2023-06-01T04:12:44","date_gmt":"2023-06-01T04:12:44","guid":{"rendered":"https:\/\/kraios.app\/news\/gundem\/2023\/06\/01\/sirp-lider-vucic-butun-antlasmalara-saygi-duyduk\/"},"modified":"2023-06-01T04:12:44","modified_gmt":"2023-06-01T04:12:44","slug":"sirp-lider-vucic-butun-antlasmalara-saygi-duyduk","status":"publish","type":"post","link":"https:\/\/kraios.app\/news\/gundem\/2023\/06\/01\/sirp-lider-vucic-butun-antlasmalara-saygi-duyduk\/","title":{"rendered":"S\u0131rp lider Vucic: B\u00fct\u00fcn antla\u015fmalara sayg\u0131 duyduk"},"content":{"rendered":"<p><\/p>\n<div>\n<p>Vucic, CNN televizyonuna verdi\u011fi r\u00f6portajda, son g\u00fcnlerde Kosova&#8217;n\u0131n kuzeyinde ya\u015fanan gerginli\u011fe ili\u015fkin de\u011ferlendirmelerde bulundu.<\/p>\n<p>Kosoval\u0131 S\u0131rplara durumu yat\u0131\u015ft\u0131rmalar\u0131 ve bar\u0131\u015f \u00e7a\u011fr\u0131s\u0131nda bulunan Vucic, &#8220;S\u0131rp taraf\u0131, 2013&#8217;te imzalanan Br\u00fcksel Antla\u015fmas\u0131&#8217;n\u0131n t\u00fcm gerekliliklerini yerine getirdi. Kosova ise tek sorumlulu\u011fu olan &#8216;S\u0131rp Belediyeler Birli\u011finin kurulmas\u0131&#8217; maddesini hayata ge\u00e7irmedi.&#8221; dedi.<\/p>\n<p>Vucic, Kosoval\u0131 S\u0131rplar\u0131n tek iste\u011finin, kendileri ve aileleri i\u00e7in g\u00fcvenlik oldu\u011funu vurgulad\u0131. Kosova&#8217;n\u0131n kuzeyinde S\u0131rplar\u0131n yo\u011fun ya\u015fad\u0131\u011f\u0131 belediyelerde 23 Nisan&#8217;da yap\u0131lan yerel se\u00e7ime kat\u0131l\u0131m\u0131n y\u00fczde 3 oldu\u011funu aktaran Vucic, bu y\u00fczden se\u00e7imlerin &#8220;ge\u00e7ersiz&#8221; oldu\u011funu savundu.<\/p>\n<p>Kosoval\u0131 S\u0131rplar\u0131n se\u00e7imleri boykot etti\u011fini an\u0131msatan Vucic, &#8220;Siz hi\u00e7 kat\u0131l\u0131m\u0131n bu kadar d\u00fc\u015f\u00fck oldu\u011fu bir se\u00e7imin ge\u00e7erli oldu\u011funu g\u00f6rd\u00fcn\u00fcz m\u00fc?&#8221; de\u011ferlendirmesinde bulundu.<\/p>\n<p>Vucic, Kosova&#8217;n\u0131n kuzeyinde ya\u015fanan gerginli\u011fe ili\u015fkin ABD ve Fransa taraf\u0131ndan gelen a\u00e7\u0131klamalardan memnuniyet duydu\u011funa dikkati \u00e7ekerek, &#8220;B\u00fct\u00fcn antla\u015fmalara sayg\u0131 duyduk. Bir tane askerimiz Kosova&#8217;ya girmedi. Bu zamana kadar NATO&#8217;nun Kosova&#8217;daki birlikleriyle son derece iyi ve profesyonel bir ili\u015fkimiz vard\u0131. Bundan sonra da ili\u015fkimizin bu \u00e7er\u00e7evede y\u00fcr\u00fcyece\u011fine eminim.&#8221; diye konu\u015ftu.<\/p>\n<h3>Kosova&#8217;n\u0131n kuzeyindeki gerginlik<\/h3>\n<p>Kosova&#8217;n\u0131n kuzeyinde S\u0131rplar\u0131n yo\u011fun oldu\u011fu Zve\u00e7an, Zubin Potok ve Leposavi\u00e7 belediyelerinde 23 Nisan&#8217;da yap\u0131lan yerel se\u00e7imleri kazanan Arnavut belediye ba\u015fkanlar\u0131n\u0131n g\u00f6reve ba\u015flamas\u0131, 26 May\u0131s&#8217;ta Kosoval\u0131 S\u0131rplar taraf\u0131ndan protesto edilmi\u015fti.<\/p>\n<p>B\u00f6lgede protestolar\u0131n s\u00fcrmesi \u00fczerine Kosova polisi ve NATO&#8217;nun Kosova&#8217;daki Bar\u0131\u015f G\u00fcc\u00fc (KFOR), belediye binalar\u0131n\u0131 tel \u00f6rg\u00fclerle \u00e7evirmi\u015f ve b\u00f6lgedeki personel say\u0131s\u0131n\u0131 art\u0131rm\u0131\u015ft\u0131.<\/p>\n<p>Arnavut belediye ba\u015fkanlar\u0131n\u0131 korumak i\u00e7in b\u00f6lgeye g\u00f6nderilen Kosova polisi ile Kosoval\u0131 S\u0131rplar aras\u0131nda arbede ya\u015fanm\u0131\u015f, 29 May\u0131s&#8217;ta da belediye binalar\u0131n\u0131 koruyan KFOR askerleri ile Kosoval\u0131 S\u0131rplar\u0131n kar\u015f\u0131 kar\u015f\u0131ya gelmesi sonucu 30 KFOR askeri yaralanm\u0131\u015ft\u0131.<\/p>\n<p>S\u0131rbistan da ordusunu Kosova s\u0131n\u0131r\u0131na yerle\u015ftirme karar\u0131 alm\u0131\u015ft\u0131.<\/p>\n<p>Kosoval\u0131 S\u0131rplar, talepleri yerine getirilene kadar belediye binas\u0131 \u00f6n\u00fcnde d\u00fczenledikleri protestolara devam edeceklerini belirtmi\u015fti.<\/p>\n<p>S\u0131rbistan, 2008&#8217;de tek tarafl\u0131 ba\u011f\u0131ms\u0131zl\u0131\u011f\u0131n\u0131 ilan eden Kosova&#8217;y\u0131 kendi topra\u011f\u0131 olarak g\u00f6r\u00fcyor.<\/p>\n<p>                            <span class=\"detay-foto-editor\">&#13;<br \/>\n                                <a href=\"https:\/\/www.aa.com.tr\/tr\/p\/abonelik-talep-formu\/1001\" target=\"_blank\" style=\"font-size:12px; color:#444; text-decoration:none;\" rel=\"noopener\">&#13;<br \/>\n                                    Anadolu Ajans\u0131 web sitesinde, AA Haber Ak\u0131\u015f Sistemi (HAS) \u00fczerinden abonelere sunulan haberler, \u00f6zetlenerek yay\u0131mlanmaktad\u0131r. <b style=\"color:#1897F7\">Abonelik i\u00e7in l\u00fctfen ileti\u015fime ge\u00e7iniz.<\/b>&#13;<br \/>\n                                <\/a>&#13;<br \/>\n                            <\/span>\n                        <\/div>\n<p><script>\n\t  window.fbAsyncInit = function() {\n\t\tFB.init({\n\t\t  appId: '1855843514662870',\n\t\t  status : true, \/\/ check login status\n\t\t  cookie : true, \/\/ enable cookies to allow the server to access the session\n\t\t  xfbml  : true  \/\/ parse XFBML\n\t\t});\n\t  };<\/p>\n<p>\t  (function() {\n\t\tvar e = document.createElement('script');\n\t\te.src=\"https:\/\/connect.facebook.net\/tr_TR\/all.js\";\n\t\te.async = true;\n\t\tdocument.getElementById('fb-root').appendChild(e);\n\t  }());\n    <\/script><\/p>\n","protected":false},"excerpt":{"rendered":"<p>Vucic, CNN televizyonuna verdi\u011fi r\u00f6portajda, son g\u00fcnlerde Kosova&#8217;n\u0131n kuzeyinde ya\u015fanan gerginli\u011fe ili\u015fkin de\u011ferlendirmelerde bulundu. Kosoval\u0131 S\u0131rplara durumu yat\u0131\u015ft\u0131rmalar\u0131 ve bar\u0131\u015f \u00e7a\u011fr\u0131s\u0131nda bulunan Vucic, &#8220;S\u0131rp taraf\u0131, 2013&#8217;te imzalanan Br\u00fcksel Antla\u015fmas\u0131&#8217;n\u0131n t\u00fcm gerekliliklerini yerine getirdi. Kosova ise tek sorumlulu\u011fu olan &#8216;S\u0131rp Belediyeler Birli\u011finin kurulmas\u0131&#8217; maddesini hayata ge\u00e7irmedi.&#8221; dedi. Vucic, Kosoval\u0131 S\u0131rplar\u0131n tek iste\u011finin, kendileri ve aileleri i\u00e7in [&hellip;]<\/p>\n","protected":false},"author":1,"featured_media":6244,"comment_status":"","ping_status":"","sticky":false,"template":"","format":"standard","meta":[],"categories":[1],"tags":[],"_links":{"self":[{"href":"https:\/\/kraios.app\/news\/wp-json\/wp\/v2\/posts\/6243"}],"collection":[{"href":"https:\/\/kraios.app\/news\/wp-json\/wp\/v2\/posts"}],"about":[{"href":"https:\/\/kraios.app\/news\/wp-json\/wp\/v2\/types\/post"}],"author":[{"embeddable":true,"href":"https:\/\/kraios.app\/news\/wp-json\/wp\/v2\/users\/1"}],"replies":[{"embeddable":true,"href":"https:\/\/kraios.app\/news\/wp-json\/wp\/v2\/comments?post=6243"}],"version-history":[{"count":0,"href":"https:\/\/kraios.app\/news\/wp-json\/wp\/v2\/posts\/6243\/revisions"}],"wp:featuredmedia":[{"embeddable":true,"href":"https:\/\/kraios.app\/news\/wp-json\/wp\/v2\/media\/6244"}],"wp:attachment":[{"href":"https:\/\/kraios.app\/news\/wp-json\/wp\/v2\/media?parent=6243"}],"wp:term":[{"taxonomy":"category","embeddable":true,"href":"https:\/\/kraios.app\/news\/wp-json\/wp\/v2\/categories?post=6243"},{"taxonomy":"post_tag","embeddable":true,"href":"https:\/\/kraios.app\/news\/wp-json\/wp\/v2\/tags?post=6243"}],"curies":[{"name":"wp","href":"https:\/\/api.w.org\/{rel}","templated":true}]}}