{"id":6222,"date":"2023-06-01T04:00:39","date_gmt":"2023-06-01T04:00:39","guid":{"rendered":"https:\/\/kraios.app\/news\/gundem\/2023\/06\/01\/turkevine-saldiran-saniga-sizofreni-teshisi-konuldu\/"},"modified":"2023-06-01T04:00:39","modified_gmt":"2023-06-01T04:00:39","slug":"turkevine-saldiran-saniga-sizofreni-teshisi-konuldu","status":"publish","type":"post","link":"https:\/\/kraios.app\/news\/gundem\/2023\/06\/01\/turkevine-saldiran-saniga-sizofreni-teshisi-konuldu\/","title":{"rendered":"T\u00fcrkevi&#8217;ne sald\u0131ran san\u0131\u011fa \u015fizofreni te\u015fhisi konuldu"},"content":{"rendered":"<p><\/p>\n<div>\n<p>AA muhabirinin, san\u0131\u011f\u0131n New York&#8217;ta sevk edildi\u011fi hastane yetkililerinden ald\u0131\u011f\u0131 bilgiye g\u00f6re, Akb\u0131y\u0131k&#8217;\u0131n ila\u00e7la tedavisine ba\u015fland\u0131.<\/p>\n<p>T\u00fcrkevi&#8217;nin camlar\u0131na demir levyeyle sald\u0131ran san\u0131\u011f\u0131n hastanede de agresif tav\u0131rlar\u0131n\u0131 s\u00fcrd\u00fcrd\u00fc\u011f\u00fcn\u00fc, kendisine ve ba\u015fkas\u0131na zarar verme potansiyeli bulundu\u011funu belirten yetkililer, Akb\u0131y\u0131k&#8217;\u0131n hastanede iki ki\u015fiye sald\u0131rd\u0131\u011f\u0131n\u0131, camlar\u0131 yumruklad\u0131\u011f\u0131n\u0131 ve \u00f6zel odaya kapat\u0131ld\u0131\u011f\u0131n\u0131 aktard\u0131.<\/p>\n<p>\u0130la\u00e7 tedavisinden sonra mahkemenin verdi\u011fi &#8220;denetimli serbestlik&#8221; karar\u0131 uyar\u0131nca san\u0131\u011f\u0131n hastaneden taburcu edilece\u011fini kaydeden yetkililer, Akb\u0131y\u0131k&#8217;a \u015fizofreni tan\u0131s\u0131 koyuldu\u011funu ifade etti.<\/p>\n<h3>&#8220;Denetimli serbestlik&#8221; karar\u0131 verilmi\u015fti<\/h3>\n<p>New York Ceza Mahkemesinde hakim kar\u015f\u0131s\u0131na \u00e7\u0131kan Akb\u0131y\u0131k hakk\u0131nda 28 May\u0131s&#8217;ta &#8220;denetimli serbestlik karar\u0131&#8221; verilmi\u015fti.<\/p>\n<p>Akb\u0131y\u0131k&#8217;\u0131n, T\u00fcrkevi ve yak\u0131n\u0131na herhangi bir \u015fekilde yakla\u015fmas\u0131 yasaklan\u0131rken mahkeme taraf\u0131ndan bir sonraki duru\u015fma tarihi 25 Temmuz olarak belirlenmi\u015fti.<\/p>\n<p>Akb\u0131y\u0131k, mahkemenin ard\u0131ndan kolluk g\u00fc\u00e7leri nezaretinde akli dengesinin yerinde olup olmad\u0131\u011f\u0131n\u0131n tespiti i\u00e7in New York Bellevue Hastanesi Ruh ve Sinir Hastal\u0131klar\u0131 b\u00f6l\u00fcm\u00fcne sevk edilmi\u015fti.<\/p>\n<h3>Olaydan 4 g\u00fcn sonra yakalanm\u0131\u015ft\u0131<\/h3>\n<p>New York Polis Te\u015fkilat\u0131ndan (NYPD) yap\u0131lan yaz\u0131l\u0131 a\u00e7\u0131klamada, zanl\u0131n\u0131n 26 May\u0131s&#8217;ta yerel saatle 10.15&#8217;te g\u00f6zalt\u0131na al\u0131nd\u0131\u011f\u0131 belirtilmi\u015fti.<\/p>\n<p>A\u00e7\u0131klamada, 29 ya\u015f\u0131ndaki Recep Akb\u0131y\u0131k&#8217;a &#8220;soygun te\u015febb\u00fcs\u00fc, ter\u00f6r su\u00e7u ve su\u00e7 i\u00e7in silah bulundurma, ter\u00f6r tehdidinde bulunma, cezai hasar ve tehdit etme&#8221; su\u00e7lar\u0131n\u0131n y\u00f6neltildi\u011fi aktar\u0131lm\u0131\u015ft\u0131.<\/p>\n<h3>AA, yakaland\u0131\u011f\u0131n\u0131 duyurmu\u015ftu<\/h3>\n<p>AA&#8217;n\u0131n ula\u015ft\u0131\u011f\u0131 kaynaklar, zanl\u0131n\u0131n, 26 May\u0131s&#8217;ta sabah erken saatlerde NYPD taraf\u0131ndan ele ge\u00e7irildi\u011fini bildirmi\u015fti.<\/p>\n<p>D\u0131\u015fi\u015fleri Bakan\u0131 Mevl\u00fct \u00c7avu\u015fo\u011flu da ABD&#8217;den, New York&#8217;taki T\u00fcrkevi&#8217;ne y\u00f6nelik sald\u0131r\u0131n\u0131n faillerini s\u00fcratle tespit etmesini ve ev sahibi \u00fclke olarak T\u00fcrkiye&#8217;nin diplomatik temsilciliklerine gerekli korumay\u0131 sa\u011flamas\u0131n\u0131 beklediklerini kaydetmi\u015fti.<\/p>\n<h3>Sald\u0131rgan, T\u00fcrkevi&#8217;nin kap\u0131lar\u0131 ile camlar\u0131na zarar vermi\u015fti<\/h3>\n<p>T\u00fcrkiye&#8217;nin New York Ba\u015fkonsolosu Reyhan \u00d6zg\u00fcr, 22 May\u0131s&#8217;ta AA muhabirine yapt\u0131\u011f\u0131 a\u00e7\u0131klamada, olay\u0131n yerel saatle 03.14&#8217;te ger\u00e7ekle\u015fti\u011fini, kimli\u011fi bilinmeyen bir ki\u015finin T\u00fcrkevi&#8217;nin 46. Sokak&#8217;taki cephesine yakla\u015farak elinde bulunan demir levyeyle konsolosluk giri\u015f kap\u0131lar\u0131na ve camlar\u0131na zarar verdi\u011fini bildirmi\u015fti.<\/p>\n<p>Sald\u0131r\u0131 sonucu konsolosluk kap\u0131s\u0131n\u0131n 2 cam\u0131 ve 10 cephe cam\u0131 olmak \u00fczere toplam 12 cam\u0131n\u0131n hasar g\u00f6rd\u00fc\u011f\u00fcn\u00fc belirten \u00d6zg\u00fcr, &#8220;Olay NYPD&#8217;ye an\u0131nda haber verilmi\u015f ve polis ekibinin, olay mahalline gelmesi sa\u011flanm\u0131\u015ft\u0131r. Kimli\u011fi belirsiz fail, sald\u0131r\u0131da kulland\u0131\u011f\u0131 demir levyeyi arkas\u0131nda b\u0131rakarak uzakla\u015fm\u0131\u015ft\u0131r. Failin belirlenerek yakalanmas\u0131n\u0131n beklendi\u011fini yerel makamlara aktard\u0131k.&#8221; bilgisini vermi\u015fti.<\/p>\n<p>\u00d6zg\u00fcr, &#8220;T\u00fcrkevi binas\u0131, yeni hizmete girdikten sonra binan\u0131n g\u00fcvenli\u011fine y\u00f6nelik tehditler konusunda NYPD&#8217;den s\u00fcrekli bir g\u00fcvenlik kul\u00fcbesi tahsis edilmesi talebinde bulunmu\u015ftuk. Talebimize bug\u00fcne kadar olumlu yan\u0131t verilmemi\u015fti. Bug\u00fcn ger\u00e7ekle\u015fen olay, s\u00f6z konusu g\u00fcvenlik endi\u015felerimizin ne kadar hakl\u0131 ve ge\u00e7erli oldu\u011funu ortaya koymu\u015ftur.&#8221; ifadesini kullanm\u0131\u015ft\u0131.<\/p>\n<p>T\u00fcrkevi&#8217;nde T\u00fcrkiye&#8217;nin BM Daimi Temsilcili\u011fi ile New York Ba\u015fkonsoloslu\u011fu bulunuyor.<\/p>\n<p>BM binas\u0131n\u0131n tam kar\u015f\u0131s\u0131ndaki T\u00fcrkevi&#8217;nin oldu\u011fu b\u00f6lgede, ABD dahil bir\u00e7ok \u00fclkenin daimi temsilcili\u011fi ve ba\u015fkonsoloslu\u011fu yer al\u0131yor.<\/p>\n<p>T\u00fcrk makamlar\u0131, sald\u0131rgan\u0131n ge\u00e7en sene \u00e7\u0131k\u0131\u015f yapt\u0131\u011f\u0131 T\u00fcrkiye&#8217;de &#8220;yaralama, tehdit ve uyu\u015fturucu bulundurma&#8221; nedeniyle adli sicil kayd\u0131 bulunan Giresun n\u00fcfusuna kay\u0131tl\u0131 Recep Akb\u0131y\u0131k oldu\u011funu tespit etmi\u015f ve bilgileri, NYPD&#8217;ye iletmi\u015fti.<\/p>\n<p>                            <span class=\"detay-foto-editor\">&#13;<br \/>\n                                <a href=\"https:\/\/www.aa.com.tr\/tr\/p\/abonelik-talep-formu\/1001\" target=\"_blank\" style=\"font-size:12px; color:#444; text-decoration:none;\" rel=\"noopener\">&#13;<br \/>\n                                    Anadolu Ajans\u0131 web sitesinde, AA Haber Ak\u0131\u015f Sistemi (HAS) \u00fczerinden abonelere sunulan haberler, \u00f6zetlenerek yay\u0131mlanmaktad\u0131r. <b style=\"color:#1897F7\">Abonelik i\u00e7in l\u00fctfen ileti\u015fime ge\u00e7iniz.<\/b>&#13;<br \/>\n                                <\/a>&#13;<br \/>\n                            <\/span>\n                        <\/div>\n<p><script>\n\t  window.fbAsyncInit = function() {\n\t\tFB.init({\n\t\t  appId: '1855843514662870',\n\t\t  status : true, \/\/ check login status\n\t\t  cookie : true, \/\/ enable cookies to allow the server to access the session\n\t\t  xfbml  : true  \/\/ parse XFBML\n\t\t});\n\t  };<\/p>\n<p>\t  (function() {\n\t\tvar e = document.createElement('script');\n\t\te.src=\"https:\/\/connect.facebook.net\/tr_TR\/all.js\";\n\t\te.async = true;\n\t\tdocument.getElementById('fb-root').appendChild(e);\n\t  }());\n    <\/script><\/p>\n","protected":false},"excerpt":{"rendered":"<p>AA muhabirinin, san\u0131\u011f\u0131n New York&#8217;ta sevk edildi\u011fi hastane yetkililerinden ald\u0131\u011f\u0131 bilgiye g\u00f6re, Akb\u0131y\u0131k&#8217;\u0131n ila\u00e7la tedavisine ba\u015fland\u0131. T\u00fcrkevi&#8217;nin camlar\u0131na demir levyeyle sald\u0131ran san\u0131\u011f\u0131n hastanede de agresif tav\u0131rlar\u0131n\u0131 s\u00fcrd\u00fcrd\u00fc\u011f\u00fcn\u00fc, kendisine ve ba\u015fkas\u0131na zarar verme potansiyeli bulundu\u011funu belirten yetkililer, Akb\u0131y\u0131k&#8217;\u0131n hastanede iki ki\u015fiye sald\u0131rd\u0131\u011f\u0131n\u0131, camlar\u0131 yumruklad\u0131\u011f\u0131n\u0131 ve \u00f6zel odaya kapat\u0131ld\u0131\u011f\u0131n\u0131 aktard\u0131. \u0130la\u00e7 tedavisinden sonra mahkemenin verdi\u011fi &#8220;denetimli serbestlik&#8221; [&hellip;]<\/p>\n","protected":false},"author":1,"featured_media":6223,"comment_status":"","ping_status":"","sticky":false,"template":"","format":"standard","meta":[],"categories":[1],"tags":[],"_links":{"self":[{"href":"https:\/\/kraios.app\/news\/wp-json\/wp\/v2\/posts\/6222"}],"collection":[{"href":"https:\/\/kraios.app\/news\/wp-json\/wp\/v2\/posts"}],"about":[{"href":"https:\/\/kraios.app\/news\/wp-json\/wp\/v2\/types\/post"}],"author":[{"embeddable":true,"href":"https:\/\/kraios.app\/news\/wp-json\/wp\/v2\/users\/1"}],"replies":[{"embeddable":true,"href":"https:\/\/kraios.app\/news\/wp-json\/wp\/v2\/comments?post=6222"}],"version-history":[{"count":0,"href":"https:\/\/kraios.app\/news\/wp-json\/wp\/v2\/posts\/6222\/revisions"}],"wp:featuredmedia":[{"embeddable":true,"href":"https:\/\/kraios.app\/news\/wp-json\/wp\/v2\/media\/6223"}],"wp:attachment":[{"href":"https:\/\/kraios.app\/news\/wp-json\/wp\/v2\/media?parent=6222"}],"wp:term":[{"taxonomy":"category","embeddable":true,"href":"https:\/\/kraios.app\/news\/wp-json\/wp\/v2\/categories?post=6222"},{"taxonomy":"post_tag","embeddable":true,"href":"https:\/\/kraios.app\/news\/wp-json\/wp\/v2\/tags?post=6222"}],"curies":[{"name":"wp","href":"https:\/\/api.w.org\/{rel}","templated":true}]}}