{"id":6187,"date":"2023-06-01T03:41:33","date_gmt":"2023-06-01T03:41:33","guid":{"rendered":"https:\/\/kraios.app\/news\/gundem\/2023\/06\/01\/abd-temsilciler-meclisinden-borc-limiti-tasarisina-onay\/"},"modified":"2023-06-01T03:41:33","modified_gmt":"2023-06-01T03:41:33","slug":"abd-temsilciler-meclisinden-borc-limiti-tasarisina-onay","status":"publish","type":"post","link":"https:\/\/kraios.app\/news\/gundem\/2023\/06\/01\/abd-temsilciler-meclisinden-borc-limiti-tasarisina-onay\/","title":{"rendered":"ABD Temsilciler Meclisi&#8217;nden &#8220;bor\u00e7 limiti&#8221; tasar\u0131s\u0131na onay"},"content":{"rendered":"<p><\/p>\n<div>\n<p>Beyaz Saray ile Cumhuriyet\u00e7iler aras\u0131nda uzun s\u00fcren m\u00fczakerelerin ard\u0131ndan \u00fczerinde anla\u015fmaya var\u0131lan tasar\u0131, Temsilciler Meclisi&#8217;nde 117&#8217;ye kar\u015f\u0131 314 oyla kabul edildi.<\/p>\n<p>ABD Ba\u015fkan\u0131 Joe Biden, s\u00f6z konusu tasar\u0131n\u0131n Temsilciler Meclisi&#8217;nden ge\u00e7mesinin ard\u0131ndan yapt\u0131\u011f\u0131 yaz\u0131l\u0131 a\u00e7\u0131klamada, &#8220;Bu gece Temsilciler Meclisi, ilk temerr\u00fcd\u00fc \u00f6nlemek ve \u00fclkemizin zor kazan\u0131lm\u0131\u015f ve tarihi ekonomik toparlanmas\u0131n\u0131 korumak i\u00e7in kritik bir ad\u0131m att\u0131.&#8221; de\u011ferlendirmesinde bulundu.<\/p>\n<p>S\u00f6z konusu b\u00fct\u00e7e anla\u015fmas\u0131n\u0131n iki partinin de deste\u011fini alan bir uzla\u015fma oldu\u011funu belirten Biden, m\u00fczakerelerde her iki taraf\u0131n da her istedi\u011fini alamad\u0131\u011f\u0131n\u0131 kaydetti.<\/p>\n<p>Biden, &#8220;Senato&#8217;yu m\u00fcmk\u00fcn olan en k\u0131sa s\u00fcrede tasar\u0131y\u0131 ge\u00e7irmeye davet ediyorum ki ben de imzalayabileyim ve \u00fclkemiz d\u00fcnyan\u0131n en g\u00fc\u00e7l\u00fc ekonomisini in\u015fa etmeye devam edebilsin.&#8221; ifadelerini kulland\u0131.<\/p>\n<h3>Tasar\u0131n\u0131n bir sonraki dura\u011f\u0131 ABD Senatosu<\/h3>\n<p>Bor\u00e7 limitinin 1 Ocak 2025&#8217;e kadar ask\u0131ya al\u0131nmas\u0131n\u0131 \u00f6ng\u00f6ren tasar\u0131n\u0131n bir sonraki dura\u011f\u0131 ABD Senatosu olacak.<\/p>\n<p>Tasar\u0131, Senato&#8217;dan da ge\u00e7mesi halinde yasala\u015fmas\u0131 i\u00e7in Ba\u015fkan Biden&#8217;\u0131n imzas\u0131na sunulacak.<\/p>\n<p>B\u00f6ylece, bor\u00e7 limitinin art\u0131r\u0131lmas\u0131yla federal h\u00fck\u00fcmetin nakit s\u0131k\u0131nt\u0131s\u0131 \u00e7ekmesinin ve temerr\u00fcde d\u00fc\u015fmesinin \u00f6n\u00fcne ge\u00e7ilecek.<\/p>\n<h3>10 y\u0131l i\u00e7inde 1,5 trilyon dolarl\u0131k tasarruf sa\u011flayabilir<\/h3>\n<p>Bor\u00e7 limitinin ask\u0131ya al\u0131nmas\u0131n\u0131n yan\u0131 s\u0131ra baz\u0131 federal programlara y\u00f6nelik harcamalarda kesintiye gidilmesini de \u00f6ng\u00f6ren tasar\u0131 ile g\u0131da yard\u0131m programlar\u0131 dahil baz\u0131 devlet yard\u0131m\u0131ndan faydalananlara yeni \u00e7al\u0131\u015fma gereksinimleri getirilmesi planlan\u0131yor.<\/p>\n<p>Tasar\u0131yla, Kovid-19 salg\u0131n\u0131 s\u0131ras\u0131nda sa\u011flanan ancak kullan\u0131lmayan yard\u0131m paralar\u0131n\u0131n geri al\u0131nmas\u0131 \u00f6ng\u00f6r\u00fcl\u00fcyor.<\/p>\n<p>Ayr\u0131ca tasar\u0131yla baz\u0131 enerji projeleri i\u00e7in izin s\u00fcrecinin de h\u0131zland\u0131r\u0131lmas\u0131 hedefleniyor.<\/p>\n<p>ABD Kongresi B\u00fct\u00e7e Ofisi&#8217;nin (CBO) tasar\u0131s\u0131n\u0131n federal bor\u00e7 ve b\u00fct\u00e7e a\u00e7\u0131\u011f\u0131 \u00fczerindeki etkisine ili\u015fkin yay\u0131mlad\u0131\u011f\u0131 de\u011ferlendirmeye g\u00f6re, yasan\u0131n \u00e7\u0131kmas\u0131 ve \u00fcst s\u0131n\u0131ra tabi \u00f6deneklerin planland\u0131\u011f\u0131 gibi uygulanmas\u0131 halinde gelecek 10 y\u0131lda b\u00fct\u00e7e a\u00e7\u0131\u011f\u0131n\u0131n yakla\u015f\u0131k 1,5 trilyon dolar azalmas\u0131 bekleniyor.<\/p>\n<h3>Bor\u00e7 limitinin 5 Haziran&#8217;a kadar art\u0131r\u0131lmas\u0131 gerekiyor<\/h3>\n<p>ABD, 19 Ocak&#8217;ta 31,4 trilyon dolarl\u0131k bor\u00e7 limitine ula\u015fm\u0131\u015f, ABD Hazinesi limiti a\u015fmamak ve olas\u0131 bir temerr\u00fcd\u00fc \u00f6nlemek i\u00e7in ola\u011fan\u00fcst\u00fc \u00f6nlemler almaya ba\u015flam\u0131\u015ft\u0131.<\/p>\n<p>Hazine Bakanl\u0131\u011f\u0131, s\u00f6z konusu ola\u011fan\u00fcst\u00fc \u00f6nlemlerin haziran ba\u015f\u0131nda t\u00fckenebilece\u011fi uyar\u0131s\u0131nda bulunmu\u015ftu.<\/p>\n<p>ABD Hazine Bakan\u0131 Janet Yellen, bor\u00e7 limitine ili\u015fkin ABD Temsilciler Meclisi Ba\u015fkan\u0131 Kevin McCarthy&#8217;ye g\u00f6nderdi\u011fi son mektupta, mevcut verilere dayanarak Kongrenin bor\u00e7 limitini, 5 Haziran&#8217;a kadar y\u00fckseltmemesi veya ask\u0131ya almamas\u0131 durumunda Hazine&#8217;nin y\u00fck\u00fcml\u00fcl\u00fcklerini yerine getirmek i\u00e7in kaynaklar\u0131n\u0131n yetersiz kalaca\u011f\u0131n\u0131n tahmin edildi\u011fini bildirmi\u015fti.<\/p>\n<p>ABD Hazinesi&#8217;nin nakit seviyesi, bor\u00e7 limiti m\u00fczakereleri devam ederken 25 May\u0131s itibar\u0131yla 38,8 milyar dolarla 2017&#8217;den bu yana en d\u00fc\u015f\u00fck seviyeye gerilemi\u015fti.<\/p>\n<p>                            <span class=\"detay-foto-editor\">&#13;<br \/>\n                                <a href=\"https:\/\/www.aa.com.tr\/tr\/p\/abonelik-talep-formu\/1001\" target=\"_blank\" style=\"font-size:12px; color:#444; text-decoration:none;\" rel=\"noopener\">&#13;<br \/>\n                                    Anadolu Ajans\u0131 web sitesinde, AA Haber Ak\u0131\u015f Sistemi (HAS) \u00fczerinden abonelere sunulan haberler, \u00f6zetlenerek yay\u0131mlanmaktad\u0131r. <b style=\"color:#1897F7\">Abonelik i\u00e7in l\u00fctfen ileti\u015fime ge\u00e7iniz.<\/b>&#13;<br \/>\n                                <\/a>&#13;<br \/>\n                            <\/span>\n                        <\/div>\n<p><script>\n\t  window.fbAsyncInit = function() {\n\t\tFB.init({\n\t\t  appId: '1855843514662870',\n\t\t  status : true, \/\/ check login status\n\t\t  cookie : true, \/\/ enable cookies to allow the server to access the session\n\t\t  xfbml  : true  \/\/ parse XFBML\n\t\t});\n\t  };<\/p>\n<p>\t  (function() {\n\t\tvar e = document.createElement('script');\n\t\te.src=\"https:\/\/connect.facebook.net\/tr_TR\/all.js\";\n\t\te.async = true;\n\t\tdocument.getElementById('fb-root').appendChild(e);\n\t  }());\n    <\/script><\/p>\n","protected":false},"excerpt":{"rendered":"<p>Beyaz Saray ile Cumhuriyet\u00e7iler aras\u0131nda uzun s\u00fcren m\u00fczakerelerin ard\u0131ndan \u00fczerinde anla\u015fmaya var\u0131lan tasar\u0131, Temsilciler Meclisi&#8217;nde 117&#8217;ye kar\u015f\u0131 314 oyla kabul edildi. ABD Ba\u015fkan\u0131 Joe Biden, s\u00f6z konusu tasar\u0131n\u0131n Temsilciler Meclisi&#8217;nden ge\u00e7mesinin ard\u0131ndan yapt\u0131\u011f\u0131 yaz\u0131l\u0131 a\u00e7\u0131klamada, &#8220;Bu gece Temsilciler Meclisi, ilk temerr\u00fcd\u00fc \u00f6nlemek ve \u00fclkemizin zor kazan\u0131lm\u0131\u015f ve tarihi ekonomik toparlanmas\u0131n\u0131 korumak i\u00e7in kritik bir ad\u0131m [&hellip;]<\/p>\n","protected":false},"author":1,"featured_media":6188,"comment_status":"","ping_status":"","sticky":false,"template":"","format":"standard","meta":[],"categories":[1],"tags":[],"_links":{"self":[{"href":"https:\/\/kraios.app\/news\/wp-json\/wp\/v2\/posts\/6187"}],"collection":[{"href":"https:\/\/kraios.app\/news\/wp-json\/wp\/v2\/posts"}],"about":[{"href":"https:\/\/kraios.app\/news\/wp-json\/wp\/v2\/types\/post"}],"author":[{"embeddable":true,"href":"https:\/\/kraios.app\/news\/wp-json\/wp\/v2\/users\/1"}],"replies":[{"embeddable":true,"href":"https:\/\/kraios.app\/news\/wp-json\/wp\/v2\/comments?post=6187"}],"version-history":[{"count":0,"href":"https:\/\/kraios.app\/news\/wp-json\/wp\/v2\/posts\/6187\/revisions"}],"wp:featuredmedia":[{"embeddable":true,"href":"https:\/\/kraios.app\/news\/wp-json\/wp\/v2\/media\/6188"}],"wp:attachment":[{"href":"https:\/\/kraios.app\/news\/wp-json\/wp\/v2\/media?parent=6187"}],"wp:term":[{"taxonomy":"category","embeddable":true,"href":"https:\/\/kraios.app\/news\/wp-json\/wp\/v2\/categories?post=6187"},{"taxonomy":"post_tag","embeddable":true,"href":"https:\/\/kraios.app\/news\/wp-json\/wp\/v2\/tags?post=6187"}],"curies":[{"name":"wp","href":"https:\/\/api.w.org\/{rel}","templated":true}]}}